{"id":100,"date":"2012-07-30T22:40:00","date_gmt":"2012-07-30T20:40:00","guid":{"rendered":"https:\/\/einsteins.ku.de\/archiv\/?p=100"},"modified":"2023-07-19T09:10:49","modified_gmt":"2023-07-19T07:10:49","slug":"2012-heimat","status":"publish","type":"post","link":"https:\/\/einsteins.ku.de\/archiv\/2012-heimat","title":{"rendered":"2012: Heimat"},"content":{"rendered":"\n<p>Journalisten verkn\u00fcpfen die unterschiedlichen Dimensionen der Zeit. Sie recherchieren in der Gegenwart, berichten \u00fcber die Vergangenheit und haben dabei die Zukunft im Blick. Seit Langem stehen sie unter dem Diktat der Beschleunigung. Honor\u00e9 Daumier hat bereits im 19. Jahrhundert eine Karikatur gezeichnet, in der eine Zeitungsh\u00e4ndlerin einem Passanten eine druckfrische Ausgabe anbietet. Dieser beschwert sich: &#8222;Ich habe Ihr Journal gekauft, und ich finde nicht die neuesten Nachrichten von heute.&#8220; Die H\u00e4ndlerin erwidert: &#8222;Mein Herr, die Nachrichten von heute, die waren in dem Journal von gestern.&#8220; <\/p>\n\n\n\n<p>Einsteins erscheint jetzt seit zwanzig Jahren. Das w\u00e4re eigentlich ein Anlass f\u00fcr einen R\u00fcckblick. Die Redaktion dieser Ausgabe hat ich allerdings entschieden, statt der Vergangenheit die Zukunft ins Visier zu nehmen.<\/p>\n\n\n<div class=\"_df_book df-lite\" id=\"df_1014\"  _slug=\"2012\" data-title=\"2012\" wpoptions=\"true\" thumbtype=\"\" ><\/div><script class=\"df-shortcode-script\" nowprocket type=\"application\/javascript\">window.option_df_1014 = {\"outline\":[],\"autoEnableOutline\":\"false\",\"autoEnableThumbnail\":\"false\",\"overwritePDFOutline\":\"false\",\"direction\":\"1\",\"pageSize\":\"0\",\"source\":\"https:\\\/\\\/einsteins.ku.de\\\/archiv\\\/wp-content\\\/uploads\\\/2022\\\/09\\\/2012.pdf\",\"wpOptions\":\"true\"}; if(window.DFLIP && window.DFLIP.parseBooks){window.DFLIP.parseBooks();}<\/script>\n\n\n<div class=\"erinnerungen_widget\"><div class=\"erinnerungen_widget__content\"><h2>Erinnerungen <span class=\"btn\" onclick=\"open_erinnerungen_form()\">Hochladen<\/span><\/h2><div id=\"ajax-load-more\" class=\"ajax-load-more-wrap default\"  data-alm-id=\"\" data-canonical-url=\"https:\/\/einsteins.ku.de\/archiv\/2012-heimat\" data-slug=\"2012-heimat\" data-post-id=\"100\"  data-localized=\"ajax_load_more_vars\" data-alm-object=\"ajax_load_more\"><div aria-live=\"polite\" aria-atomic=\"true\" class=\"alm-listing alm-ajax erinnerungen_grid\" data-container-type=\"div\" data-loading-style=\"default\" data-repeater=\"default\" data-post-type=\"erinnerung\" data-meta-key=\"ausgabe\" data-meta-value=\"100\" data-order=\"DESC\" data-orderby=\"date\" data-offset=\"0\" data-posts-per-page=\"6\" data-scroll-distance=\"-1000\" data-button-label=\"Mehr laden\" data-button-loading-label=\"wird geladen\" data-prev-button-label=\"Load Previous\" data-images-loaded=\"true\"><\/div><div class=\"alm-btn-wrap\" data-rel=\"ajax-load-more\"><button class=\"alm-load-more-btn more \" type=\"button\">Mehr laden<\/button><\/div><\/div><\/div><\/div>\n\n\n\n<h2 class=\"wp-block-heading\">Namen<\/h2>\n\n\n\n<p><strong>Redaktion:<\/strong> Katrin Schmermund, Henry Lai, Maximilian Schramm, Antonia Schindler, Christina Gantner, Isabelle Andres,Sabrina Meier, Christian Schinko, Yasmina Asenjo G\u00f3mez, Judith Minthrop, Yves Simon, Manuel Lauterborn, Catherine Buchwald, Natalie Beier, Ana Bilandzija, Tatjana Brenner, Raphaela Carsten, Tamara G\u00fccl\u00fc, Lukas Hanreich, Sarah Holzinger, Johannes Keller, Janneke Menzel, Benedikt Nie\u00dfen, Johannes Rautenberg, Bernd Roetmann, Dhala Rosado, Sophie R\u00f6\u00dfler, Katharina Weigert, Meike Weinzierl, Katarina Baric, Sabrina Bittl, Marina Brafa, Korbinian Eisenberger, Linda Fischer, Eleonora Hamburg, Julie Heiland, Iris Jilke, Theresa Lambeck, Florian Lange, Mathias von Lieben, Charlotte Mack, Elisabeth Mayr, Verena Menauer, Lea Reinhard, Allan Riedel, Sandra Rothhaar, Franziska Wielandt, Yasmin Wolkow<\/p>\n\n\n\n<p><strong>Dozierende:<\/strong> Michaela Petek, J\u00f6rg Pfeiffer, Christian Klenk<\/p>\n","protected":false},"excerpt":{"rendered":"<p>Journalisten verkn\u00fcpfen die unterschiedlichen Dimensionen der Zeit. Sie recherchieren in der Gegenwart, berichten \u00fcber die Vergangenheit und haben dabei die Zukunft im Blick. Seit Langem stehen sie unter dem Diktat der Beschleunigung. Honor\u00e9 Daumier hat bereits im 19. Jahrhundert eine Karikatur gezeichnet, in der eine Zeitungsh\u00e4ndlerin einem Passanten eine druckfrische Ausgabe anbietet. Dieser beschwert sich: [&hellip;]<\/p>\n","protected":false},"author":1,"featured_media":195,"comment_status":"open","ping_status":"open","sticky":false,"template":"","format":"standard","meta":{"_acf_changed":false,"footnotes":""},"categories":[1],"tags":[],"class_list":["post-100","post","type-post","status-publish","format-standard","has-post-thumbnail","hentry","category-allgemein"],"acf":[],"yoast_head":"<!-- This site is optimized with the Yoast SEO plugin v27.5 - https:\/\/yoast.com\/product\/yoast-seo-wordpress\/ -->\n<title>2012: Heimat - einsteins.archiv<\/title>\n<meta name=\"robots\" content=\"index, follow, max-snippet:-1, max-image-preview:large, max-video-preview:-1\" \/>\n<link rel=\"canonical\" href=\"https:\/\/einsteins.ku.de\/archiv\/2012-heimat\" \/>\n<meta property=\"og:locale\" content=\"de_DE\" \/>\n<meta property=\"og:type\" content=\"article\" \/>\n<meta property=\"og:title\" content=\"2012: Heimat - einsteins.archiv\" \/>\n<meta property=\"og:description\" content=\"Journalisten verkn\u00fcpfen die unterschiedlichen Dimensionen der Zeit. Sie recherchieren in der Gegenwart, berichten \u00fcber die Vergangenheit und haben dabei die Zukunft im Blick. Seit Langem stehen sie unter dem Diktat der Beschleunigung. Honor\u00e9 Daumier hat bereits im 19. Jahrhundert eine Karikatur gezeichnet, in der eine Zeitungsh\u00e4ndlerin einem Passanten eine druckfrische Ausgabe anbietet. Dieser beschwert sich: [&hellip;]\" \/>\n<meta property=\"og:url\" content=\"https:\/\/einsteins.ku.de\/archiv\/2012-heimat\" \/>\n<meta property=\"og:site_name\" content=\"einsteins.archiv\" \/>\n<meta property=\"article:published_time\" content=\"2012-07-30T20:40:00+00:00\" \/>\n<meta property=\"article:modified_time\" content=\"2023-07-19T07:10:49+00:00\" \/>\n<meta property=\"og:image\" content=\"https:\/\/einsteins.ku.de\/archiv\/wp-content\/uploads\/2022\/07\/einsteins-2012-pdf-150dpi-1.jpg\" \/>\n\t<meta property=\"og:image:width\" content=\"300\" \/>\n\t<meta property=\"og:image:height\" content=\"424\" \/>\n\t<meta property=\"og:image:type\" content=\"image\/jpeg\" \/>\n<meta name=\"author\" content=\"admin\" \/>\n<meta name=\"twitter:card\" content=\"summary_large_image\" \/>\n<meta name=\"twitter:label1\" content=\"Verfasst von\" \/>\n\t<meta name=\"twitter:data1\" content=\"admin\" \/>\n\t<meta name=\"twitter:label2\" content=\"Gesch\u00e4tzte Lesezeit\" \/>\n\t<meta name=\"twitter:data2\" content=\"1\u00a0Minute\" \/>\n<script type=\"application\/ld+json\" class=\"yoast-schema-graph\">{\"@context\":\"https:\\\/\\\/schema.org\",\"@graph\":[{\"@type\":\"Article\",\"@id\":\"https:\\\/\\\/einsteins.ku.de\\\/archiv\\\/2012-heimat#article\",\"isPartOf\":{\"@id\":\"https:\\\/\\\/einsteins.ku.de\\\/archiv\\\/2012-heimat\"},\"author\":{\"name\":\"admin\",\"@id\":\"https:\\\/\\\/einsteins.ku.de\\\/archiv\\\/#\\\/schema\\\/person\\\/b1b7702d276c4342c9681656daf57004\"},\"headline\":\"2012: Heimat\",\"datePublished\":\"2012-07-30T20:40:00+00:00\",\"dateModified\":\"2023-07-19T07:10:49+00:00\",\"mainEntityOfPage\":{\"@id\":\"https:\\\/\\\/einsteins.ku.de\\\/archiv\\\/2012-heimat\"},\"wordCount\":238,\"commentCount\":0,\"image\":{\"@id\":\"https:\\\/\\\/einsteins.ku.de\\\/archiv\\\/2012-heimat#primaryimage\"},\"thumbnailUrl\":\"https:\\\/\\\/einsteins.ku.de\\\/archiv\\\/wp-content\\\/uploads\\\/2022\\\/07\\\/einsteins-2012-pdf-150dpi-1.jpg\",\"inLanguage\":\"de\",\"potentialAction\":[{\"@type\":\"CommentAction\",\"name\":\"Comment\",\"target\":[\"https:\\\/\\\/einsteins.ku.de\\\/archiv\\\/2012-heimat#respond\"]}]},{\"@type\":\"WebPage\",\"@id\":\"https:\\\/\\\/einsteins.ku.de\\\/archiv\\\/2012-heimat\",\"url\":\"https:\\\/\\\/einsteins.ku.de\\\/archiv\\\/2012-heimat\",\"name\":\"2012: Heimat - einsteins.archiv\",\"isPartOf\":{\"@id\":\"https:\\\/\\\/einsteins.ku.de\\\/archiv\\\/#website\"},\"primaryImageOfPage\":{\"@id\":\"https:\\\/\\\/einsteins.ku.de\\\/archiv\\\/2012-heimat#primaryimage\"},\"image\":{\"@id\":\"https:\\\/\\\/einsteins.ku.de\\\/archiv\\\/2012-heimat#primaryimage\"},\"thumbnailUrl\":\"https:\\\/\\\/einsteins.ku.de\\\/archiv\\\/wp-content\\\/uploads\\\/2022\\\/07\\\/einsteins-2012-pdf-150dpi-1.jpg\",\"datePublished\":\"2012-07-30T20:40:00+00:00\",\"dateModified\":\"2023-07-19T07:10:49+00:00\",\"author\":{\"@id\":\"https:\\\/\\\/einsteins.ku.de\\\/archiv\\\/#\\\/schema\\\/person\\\/b1b7702d276c4342c9681656daf57004\"},\"breadcrumb\":{\"@id\":\"https:\\\/\\\/einsteins.ku.de\\\/archiv\\\/2012-heimat#breadcrumb\"},\"inLanguage\":\"de\",\"potentialAction\":[{\"@type\":\"ReadAction\",\"target\":[\"https:\\\/\\\/einsteins.ku.de\\\/archiv\\\/2012-heimat\"]}]},{\"@type\":\"ImageObject\",\"inLanguage\":\"de\",\"@id\":\"https:\\\/\\\/einsteins.ku.de\\\/archiv\\\/2012-heimat#primaryimage\",\"url\":\"https:\\\/\\\/einsteins.ku.de\\\/archiv\\\/wp-content\\\/uploads\\\/2022\\\/07\\\/einsteins-2012-pdf-150dpi-1.jpg\",\"contentUrl\":\"https:\\\/\\\/einsteins.ku.de\\\/archiv\\\/wp-content\\\/uploads\\\/2022\\\/07\\\/einsteins-2012-pdf-150dpi-1.jpg\",\"width\":300,\"height\":424},{\"@type\":\"BreadcrumbList\",\"@id\":\"https:\\\/\\\/einsteins.ku.de\\\/archiv\\\/2012-heimat#breadcrumb\",\"itemListElement\":[{\"@type\":\"ListItem\",\"position\":1,\"name\":\"Startseite\",\"item\":\"https:\\\/\\\/einsteins.ku.de\\\/archiv\\\/\"},{\"@type\":\"ListItem\",\"position\":2,\"name\":\"2012: Heimat\"}]},{\"@type\":\"WebSite\",\"@id\":\"https:\\\/\\\/einsteins.ku.de\\\/archiv\\\/#website\",\"url\":\"https:\\\/\\\/einsteins.ku.de\\\/archiv\\\/\",\"name\":\"einsteins.archiv\",\"description\":\"Magazin der Journalistik an der KU Eichst\u00e4tt\",\"potentialAction\":[{\"@type\":\"SearchAction\",\"target\":{\"@type\":\"EntryPoint\",\"urlTemplate\":\"https:\\\/\\\/einsteins.ku.de\\\/archiv\\\/?s={search_term_string}\"},\"query-input\":{\"@type\":\"PropertyValueSpecification\",\"valueRequired\":true,\"valueName\":\"search_term_string\"}}],\"inLanguage\":\"de\"},{\"@type\":\"Person\",\"@id\":\"https:\\\/\\\/einsteins.ku.de\\\/archiv\\\/#\\\/schema\\\/person\\\/b1b7702d276c4342c9681656daf57004\",\"name\":\"admin\",\"image\":{\"@type\":\"ImageObject\",\"inLanguage\":\"de\",\"@id\":\"https:\\\/\\\/secure.gravatar.com\\\/avatar\\\/390dc39d6c1f1803607839ffbd731dd16e5f3ba320dcc95ccca91972d8cedc2a?s=96&d=mm&r=g\",\"url\":\"https:\\\/\\\/secure.gravatar.com\\\/avatar\\\/390dc39d6c1f1803607839ffbd731dd16e5f3ba320dcc95ccca91972d8cedc2a?s=96&d=mm&r=g\",\"contentUrl\":\"https:\\\/\\\/secure.gravatar.com\\\/avatar\\\/390dc39d6c1f1803607839ffbd731dd16e5f3ba320dcc95ccca91972d8cedc2a?s=96&d=mm&r=g\",\"caption\":\"admin\"},\"sameAs\":[\"https:\\\/\\\/einsteins.ku.de\\\/archiv\"],\"url\":\"https:\\\/\\\/einsteins.ku.de\\\/archiv\\\/author\\\/admin\"}]}<\/script>\n<!-- \/ Yoast SEO plugin. -->","yoast_head_json":{"title":"2012: Heimat - einsteins.archiv","robots":{"index":"index","follow":"follow","max-snippet":"max-snippet:-1","max-image-preview":"max-image-preview:large","max-video-preview":"max-video-preview:-1"},"canonical":"https:\/\/einsteins.ku.de\/archiv\/2012-heimat","og_locale":"de_DE","og_type":"article","og_title":"2012: Heimat - einsteins.archiv","og_description":"Journalisten verkn\u00fcpfen die unterschiedlichen Dimensionen der Zeit. Sie recherchieren in der Gegenwart, berichten \u00fcber die Vergangenheit und haben dabei die Zukunft im Blick. Seit Langem stehen sie unter dem Diktat der Beschleunigung. Honor\u00e9 Daumier hat bereits im 19. Jahrhundert eine Karikatur gezeichnet, in der eine Zeitungsh\u00e4ndlerin einem Passanten eine druckfrische Ausgabe anbietet. Dieser beschwert sich: [&hellip;]","og_url":"https:\/\/einsteins.ku.de\/archiv\/2012-heimat","og_site_name":"einsteins.archiv","article_published_time":"2012-07-30T20:40:00+00:00","article_modified_time":"2023-07-19T07:10:49+00:00","og_image":[{"width":300,"height":424,"url":"https:\/\/einsteins.ku.de\/archiv\/wp-content\/uploads\/2022\/07\/einsteins-2012-pdf-150dpi-1.jpg","type":"image\/jpeg"}],"author":"admin","twitter_card":"summary_large_image","twitter_misc":{"Verfasst von":"admin","Gesch\u00e4tzte Lesezeit":"1\u00a0Minute"},"schema":{"@context":"https:\/\/schema.org","@graph":[{"@type":"Article","@id":"https:\/\/einsteins.ku.de\/archiv\/2012-heimat#article","isPartOf":{"@id":"https:\/\/einsteins.ku.de\/archiv\/2012-heimat"},"author":{"name":"admin","@id":"https:\/\/einsteins.ku.de\/archiv\/#\/schema\/person\/b1b7702d276c4342c9681656daf57004"},"headline":"2012: Heimat","datePublished":"2012-07-30T20:40:00+00:00","dateModified":"2023-07-19T07:10:49+00:00","mainEntityOfPage":{"@id":"https:\/\/einsteins.ku.de\/archiv\/2012-heimat"},"wordCount":238,"commentCount":0,"image":{"@id":"https:\/\/einsteins.ku.de\/archiv\/2012-heimat#primaryimage"},"thumbnailUrl":"https:\/\/einsteins.ku.de\/archiv\/wp-content\/uploads\/2022\/07\/einsteins-2012-pdf-150dpi-1.jpg","inLanguage":"de","potentialAction":[{"@type":"CommentAction","name":"Comment","target":["https:\/\/einsteins.ku.de\/archiv\/2012-heimat#respond"]}]},{"@type":"WebPage","@id":"https:\/\/einsteins.ku.de\/archiv\/2012-heimat","url":"https:\/\/einsteins.ku.de\/archiv\/2012-heimat","name":"2012: Heimat - einsteins.archiv","isPartOf":{"@id":"https:\/\/einsteins.ku.de\/archiv\/#website"},"primaryImageOfPage":{"@id":"https:\/\/einsteins.ku.de\/archiv\/2012-heimat#primaryimage"},"image":{"@id":"https:\/\/einsteins.ku.de\/archiv\/2012-heimat#primaryimage"},"thumbnailUrl":"https:\/\/einsteins.ku.de\/archiv\/wp-content\/uploads\/2022\/07\/einsteins-2012-pdf-150dpi-1.jpg","datePublished":"2012-07-30T20:40:00+00:00","dateModified":"2023-07-19T07:10:49+00:00","author":{"@id":"https:\/\/einsteins.ku.de\/archiv\/#\/schema\/person\/b1b7702d276c4342c9681656daf57004"},"breadcrumb":{"@id":"https:\/\/einsteins.ku.de\/archiv\/2012-heimat#breadcrumb"},"inLanguage":"de","potentialAction":[{"@type":"ReadAction","target":["https:\/\/einsteins.ku.de\/archiv\/2012-heimat"]}]},{"@type":"ImageObject","inLanguage":"de","@id":"https:\/\/einsteins.ku.de\/archiv\/2012-heimat#primaryimage","url":"https:\/\/einsteins.ku.de\/archiv\/wp-content\/uploads\/2022\/07\/einsteins-2012-pdf-150dpi-1.jpg","contentUrl":"https:\/\/einsteins.ku.de\/archiv\/wp-content\/uploads\/2022\/07\/einsteins-2012-pdf-150dpi-1.jpg","width":300,"height":424},{"@type":"BreadcrumbList","@id":"https:\/\/einsteins.ku.de\/archiv\/2012-heimat#breadcrumb","itemListElement":[{"@type":"ListItem","position":1,"name":"Startseite","item":"https:\/\/einsteins.ku.de\/archiv\/"},{"@type":"ListItem","position":2,"name":"2012: Heimat"}]},{"@type":"WebSite","@id":"https:\/\/einsteins.ku.de\/archiv\/#website","url":"https:\/\/einsteins.ku.de\/archiv\/","name":"einsteins.archiv","description":"Magazin der Journalistik an der KU Eichst\u00e4tt","potentialAction":[{"@type":"SearchAction","target":{"@type":"EntryPoint","urlTemplate":"https:\/\/einsteins.ku.de\/archiv\/?s={search_term_string}"},"query-input":{"@type":"PropertyValueSpecification","valueRequired":true,"valueName":"search_term_string"}}],"inLanguage":"de"},{"@type":"Person","@id":"https:\/\/einsteins.ku.de\/archiv\/#\/schema\/person\/b1b7702d276c4342c9681656daf57004","name":"admin","image":{"@type":"ImageObject","inLanguage":"de","@id":"https:\/\/secure.gravatar.com\/avatar\/390dc39d6c1f1803607839ffbd731dd16e5f3ba320dcc95ccca91972d8cedc2a?s=96&d=mm&r=g","url":"https:\/\/secure.gravatar.com\/avatar\/390dc39d6c1f1803607839ffbd731dd16e5f3ba320dcc95ccca91972d8cedc2a?s=96&d=mm&r=g","contentUrl":"https:\/\/secure.gravatar.com\/avatar\/390dc39d6c1f1803607839ffbd731dd16e5f3ba320dcc95ccca91972d8cedc2a?s=96&d=mm&r=g","caption":"admin"},"sameAs":["https:\/\/einsteins.ku.de\/archiv"],"url":"https:\/\/einsteins.ku.de\/archiv\/author\/admin"}]}},"_links":{"self":[{"href":"https:\/\/einsteins.ku.de\/archiv\/wp-json\/wp\/v2\/posts\/100","targetHints":{"allow":["GET"]}}],"collection":[{"href":"https:\/\/einsteins.ku.de\/archiv\/wp-json\/wp\/v2\/posts"}],"about":[{"href":"https:\/\/einsteins.ku.de\/archiv\/wp-json\/wp\/v2\/types\/post"}],"author":[{"embeddable":true,"href":"https:\/\/einsteins.ku.de\/archiv\/wp-json\/wp\/v2\/users\/1"}],"replies":[{"embeddable":true,"href":"https:\/\/einsteins.ku.de\/archiv\/wp-json\/wp\/v2\/comments?post=100"}],"version-history":[{"count":13,"href":"https:\/\/einsteins.ku.de\/archiv\/wp-json\/wp\/v2\/posts\/100\/revisions"}],"predecessor-version":[{"id":1017,"href":"https:\/\/einsteins.ku.de\/archiv\/wp-json\/wp\/v2\/posts\/100\/revisions\/1017"}],"wp:featuredmedia":[{"embeddable":true,"href":"https:\/\/einsteins.ku.de\/archiv\/wp-json\/wp\/v2\/media\/195"}],"wp:attachment":[{"href":"https:\/\/einsteins.ku.de\/archiv\/wp-json\/wp\/v2\/media?parent=100"}],"wp:term":[{"taxonomy":"category","embeddable":true,"href":"https:\/\/einsteins.ku.de\/archiv\/wp-json\/wp\/v2\/categories?post=100"},{"taxonomy":"post_tag","embeddable":true,"href":"https:\/\/einsteins.ku.de\/archiv\/wp-json\/wp\/v2\/tags?post=100"}],"curies":[{"name":"wp","href":"https:\/\/api.w.org\/{rel}","templated":true}]}}