{"id":120,"date":"1993-07-01T22:47:00","date_gmt":"1993-07-01T20:47:00","guid":{"rendered":"https:\/\/einsteins.ku.de\/archiv\/?p=120"},"modified":"2023-07-19T09:34:03","modified_gmt":"2023-07-19T07:34:03","slug":"1993-medien-in-der-region","status":"publish","type":"post","link":"https:\/\/einsteins.ku.de\/archiv\/1993-medien-in-der-region","title":{"rendered":"1993: Medien in der Region"},"content":{"rendered":"\n<p>Die Medien, so hei\u00dft es, besch\u00e4ftigen sich mit allem &#8211; nur nicht mit den Medien. An dieser Beobachtung ist sicher manches zutreffend. Allerdings gibt es auch Gegenbeispiele: So haben die beiden aktuellen Neuerscheinungen auf dem Markt der Wochenbl\u00e4tter eigene \u201eMedien&#8220;-Ressorts eingerichtet. Auch einsteins nr. 3 ist den Medien gewidmet, und zwar den Medien in der n\u00e4heren Um-Welt.<br><\/p>\n\n\n\n<p>&#8222;Medien in der Region&#8220; &#8211; der Titel zeigt an, da\u00df der Nachrichtenfaktor N\u00e4he f\u00fcr unser Magazin eine besondere Bedeutung hat. Und das gleich in zweifacher Hinsicht: N\u00e4he im r\u00e4umlich-geographischen Verst\u00e4ndnis &#8211; und im professionellen: Junge Journalisten n\u00e4hern sich den Produkten und den Problemen, den Potenzen und den Patzern ihrer Kollegen. Sie tun das weder sehr piet\u00e4tvoll noch besonders polemisch, sondern eher wie neugierige Portr\u00e4tisten, die der Geschichte hinter den Geschichten auf die Spur kommen wollen.<\/p>\n\n\n\n<p>Beim Stichwort \u201eMedienstadt&#8220; denkt man zuerst an die ganz Gro\u00dfen: an Hamburg und M\u00fcnchen, Berlin und K\u00f6ln, Stuttgart und Leipzig. Aber auch in der kommunikativen Realit\u00e4t einer Kleinstadt spielen die Medien eine gro\u00dfe Rolle. Wer genauer hinsieht, kann viel entdecken: Vor allem die reiche Fauna und Flora der Zeitschriften, der Mitteilungsbl\u00e4tter und Gruppenmedien, die sich neben und zwischen Lokalzeitung und Regionalfunk ausgebreitet haben.<\/p>\n\n\n\n<p>Seit der ersten periodischen Zeitung, dem \u201eGn\u00e4digst privilegierten Eichst\u00e4tter Intelligenzblatt&#8220;, erschienen vor genau 202 Jahren, hat sich das Bild der Medienlandschaft auch bei uns stark gewandelt. Die Nachrichtenzeitungen sind erg\u00e4nzt worden durch die Gesinnungspresse und diese wiederum durch die stark expandierenden Unterhaltungsmedien, in denen manwie etwa beim j\u00fcngsten Spro\u00df, dem privaten Rundfunk &#8211; den ad\u00e4quaten Ausdruck unserer \u201eErlebnisgesellschaft&#8220; sehen mag. Und gem\u00e4\u00df dem Gesetz der Medienkomplementarit\u00e4t, das der N\u00fcrnberger Historiker und Journalist Wolfgang Riepl zu Beginn dieses Jahrhunderts als erster pr\u00e4zise formuliert hat, haben die neuen Medien die alten nicht verdr\u00e4ngt.<\/p>\n\n\n\n<p>Geht die Entwicklung in Richtung gr\u00f6\u00dferer Vielfalt oder gr\u00f6\u00dferer Einfalt? Unsere Bestandsaufnahme zeigt: Sie geht in beide Richtungen.<\/p>\n\n\n\n<p><em>Walter H\u00f6mberg, Herausgeber<\/em><\/p>\n\n\n<div class=\"_df_book df-lite\" id=\"df_1073\"  _slug=\"1993\" data-title=\"1993\" wpoptions=\"true\" thumbtype=\"\" ><\/div><script class=\"df-shortcode-script\" nowprocket type=\"application\/javascript\">window.option_df_1073 = {\"outline\":[],\"autoEnableOutline\":\"false\",\"autoEnableThumbnail\":\"false\",\"overwritePDFOutline\":\"false\",\"direction\":\"1\",\"pageSize\":\"0\",\"source\":\"https:\\\/\\\/einsteins.ku.de\\\/archiv\\\/wp-content\\\/uploads\\\/2022\\\/08\\\/1993_print_text.pdf\",\"wpOptions\":\"true\"}; if(window.DFLIP && window.DFLIP.parseBooks){window.DFLIP.parseBooks();}<\/script>\n\n\n<div class=\"erinnerungen_widget\"><div class=\"erinnerungen_widget__content\"><h2>Erinnerungen <span class=\"btn\" onclick=\"open_erinnerungen_form()\">Hochladen<\/span><\/h2><p>Lade deine Erinnerungen und Fotos zu dieser einsteins-Ausgabe hoch.<\/p><\/div><\/div>\n\n\n\n<h2 class=\"wp-block-heading\">Namen<\/h2>\n\n\n\n<p>Walter H\u00f6mberg, Uli Detsch, Reiner Burger, Petra Fr\u00fch, Ralph Kendlbacher, Dominik Klenk, Christoph Neuberger, Thomas Pfaffe, Petra Postert, Anabel Schaffer, Matthias Schmidt, Hans Strecker, Kerstin Zyber<br>Layout: Gerald Himmelein, Ralph Kendlbacher, Dominik Klenk, Klaus Meier, Anette Moosm\u00fcller, Christine Peters, Rainer Rohstock, Hans Strecker, Gerald Himmelein<\/p>\n\n\n\n<h2 class=\"wp-block-heading\">Themen<\/h2>\n\n\n\n<p><strong>Keine Angst vor Tabuthemen | <\/strong>Der \u201eEichst\u00e4tter Kurier&#8220;: Ein Blatt, dem es manchmalzu ruhig hergeht<\/p>\n\n\n\n<p><strong>Der Eichst\u00e4tter Bl\u00e4tterwald | <\/strong>S\u00e4mtliche Druckerzeugnisse in der Region auf einen Blick<\/p>\n\n\n\n<p><strong>Zeitungen im Test |<\/strong> Der \u201eDonau Kurier&#8220; und die \u201eS\u00fcddeutsche Zeitung&#8220; zum Streitfall Streibl<\/p>\n\n\n\n<p><strong>Redaktion im Partykeller |<\/strong> Kurzportraits von Zeitschriften und Zeitungen in Eichst\u00e4tt &#8211; vom Vereinsblatt bis zur Unizeitung<\/p>\n\n\n\n<p><strong>Profit statt Protest |<\/strong> Vom Sprachrohr der B\u00fcrgerinitiativen wandelt sich die alternative Presse zu Stadtmagazinen<\/p>\n\n\n\n<p><strong>Mit Format H\u00f6rer gewinnen | <\/strong>Radio IN &#8211; ein klassisches Beispiel f\u00fcr ein stromlinienf\u00f6rmiges Formatradio<\/p>\n\n\n\n<p><strong>H\u00f6rer strapazieren | <\/strong>Radio K1 &#8211; Rundfunk zwischen Einschaltquoten und kirchlichem Auftrag<\/p>\n\n\n\n<p><strong>Senkrechtstarter auf Sendung | <\/strong>Seit sechs Jahren berichtet der Ingolst\u00e4dter Fernsehsender INTV \u201etotal lokal<\/p>\n","protected":false},"excerpt":{"rendered":"<p>Die Medien, so hei\u00dft es, besch\u00e4ftigen sich mit allem &#8211; nur nicht mit den Medien. An dieser Beobachtung ist sicher manches zutreffend. Allerdings gibt es auch Gegenbeispiele: So haben die beiden aktuellen Neuerscheinungen auf dem Markt der Wochenbl\u00e4tter eigene \u201eMedien&#8220;-Ressorts eingerichtet. Auch einsteins nr. 3 ist den Medien gewidmet, und zwar den Medien in der n\u00e4heren Um-Welt.<\/p>\n","protected":false},"author":1,"featured_media":151,"comment_status":"open","ping_status":"open","sticky":false,"template":"","format":"standard","meta":{"_acf_changed":false,"footnotes":""},"categories":[1],"tags":[],"class_list":["post-120","post","type-post","status-publish","format-standard","has-post-thumbnail","hentry","category-allgemein"],"acf":[],"yoast_head":"<!-- This site is optimized with the Yoast SEO plugin v27.5 - https:\/\/yoast.com\/product\/yoast-seo-wordpress\/ -->\n<title>1993: Medien in der Region - einsteins.archiv<\/title>\n<meta name=\"robots\" content=\"index, follow, max-snippet:-1, max-image-preview:large, max-video-preview:-1\" \/>\n<link rel=\"canonical\" href=\"https:\/\/einsteins.ku.de\/archiv\/1993-medien-in-der-region\" \/>\n<meta property=\"og:locale\" content=\"de_DE\" \/>\n<meta property=\"og:type\" content=\"article\" \/>\n<meta property=\"og:title\" content=\"1993: Medien in der Region - einsteins.archiv\" \/>\n<meta property=\"og:description\" content=\"Die Medien, so hei\u00dft es, besch\u00e4ftigen sich mit allem - nur nicht mit den Medien. An dieser Beobachtung ist sicher manches zutreffend. Allerdings gibt es auch Gegenbeispiele: So haben die beiden aktuellen Neuerscheinungen auf dem Markt der Wochenbl\u00e4tter eigene \u201eMedien&quot;-Ressorts eingerichtet. Auch einsteins nr. 3 ist den Medien gewidmet, und zwar den Medien in der n\u00e4heren Um-Welt.\" \/>\n<meta property=\"og:url\" content=\"https:\/\/einsteins.ku.de\/archiv\/1993-medien-in-der-region\" \/>\n<meta property=\"og:site_name\" content=\"einsteins.archiv\" \/>\n<meta property=\"article:published_time\" content=\"1993-07-01T20:47:00+00:00\" \/>\n<meta property=\"article:modified_time\" content=\"2023-07-19T07:34:03+00:00\" \/>\n<meta property=\"og:image\" content=\"https:\/\/einsteins.ku.de\/archiv\/wp-content\/uploads\/2022\/07\/einsteins-1993.jpg\" \/>\n\t<meta property=\"og:image:width\" content=\"429\" \/>\n\t<meta property=\"og:image:height\" content=\"600\" \/>\n\t<meta property=\"og:image:type\" content=\"image\/jpeg\" \/>\n<meta name=\"author\" content=\"admin\" \/>\n<meta name=\"twitter:card\" content=\"summary_large_image\" \/>\n<meta name=\"twitter:label1\" content=\"Verfasst von\" \/>\n\t<meta name=\"twitter:data1\" content=\"admin\" \/>\n\t<meta name=\"twitter:label2\" content=\"Gesch\u00e4tzte Lesezeit\" \/>\n\t<meta name=\"twitter:data2\" content=\"3\u00a0Minuten\" \/>\n<script type=\"application\/ld+json\" class=\"yoast-schema-graph\">{\"@context\":\"https:\\\/\\\/schema.org\",\"@graph\":[{\"@type\":\"Article\",\"@id\":\"https:\\\/\\\/einsteins.ku.de\\\/archiv\\\/1993-medien-in-der-region#article\",\"isPartOf\":{\"@id\":\"https:\\\/\\\/einsteins.ku.de\\\/archiv\\\/1993-medien-in-der-region\"},\"author\":{\"name\":\"admin\",\"@id\":\"https:\\\/\\\/einsteins.ku.de\\\/archiv\\\/#\\\/schema\\\/person\\\/b1b7702d276c4342c9681656daf57004\"},\"headline\":\"1993: Medien in der Region\",\"datePublished\":\"1993-07-01T20:47:00+00:00\",\"dateModified\":\"2023-07-19T07:34:03+00:00\",\"mainEntityOfPage\":{\"@id\":\"https:\\\/\\\/einsteins.ku.de\\\/archiv\\\/1993-medien-in-der-region\"},\"wordCount\":511,\"commentCount\":0,\"image\":{\"@id\":\"https:\\\/\\\/einsteins.ku.de\\\/archiv\\\/1993-medien-in-der-region#primaryimage\"},\"thumbnailUrl\":\"https:\\\/\\\/einsteins.ku.de\\\/archiv\\\/wp-content\\\/uploads\\\/2022\\\/07\\\/einsteins-1993.jpg\",\"inLanguage\":\"de\",\"potentialAction\":[{\"@type\":\"CommentAction\",\"name\":\"Comment\",\"target\":[\"https:\\\/\\\/einsteins.ku.de\\\/archiv\\\/1993-medien-in-der-region#respond\"]}]},{\"@type\":\"WebPage\",\"@id\":\"https:\\\/\\\/einsteins.ku.de\\\/archiv\\\/1993-medien-in-der-region\",\"url\":\"https:\\\/\\\/einsteins.ku.de\\\/archiv\\\/1993-medien-in-der-region\",\"name\":\"1993: Medien in der Region - einsteins.archiv\",\"isPartOf\":{\"@id\":\"https:\\\/\\\/einsteins.ku.de\\\/archiv\\\/#website\"},\"primaryImageOfPage\":{\"@id\":\"https:\\\/\\\/einsteins.ku.de\\\/archiv\\\/1993-medien-in-der-region#primaryimage\"},\"image\":{\"@id\":\"https:\\\/\\\/einsteins.ku.de\\\/archiv\\\/1993-medien-in-der-region#primaryimage\"},\"thumbnailUrl\":\"https:\\\/\\\/einsteins.ku.de\\\/archiv\\\/wp-content\\\/uploads\\\/2022\\\/07\\\/einsteins-1993.jpg\",\"datePublished\":\"1993-07-01T20:47:00+00:00\",\"dateModified\":\"2023-07-19T07:34:03+00:00\",\"author\":{\"@id\":\"https:\\\/\\\/einsteins.ku.de\\\/archiv\\\/#\\\/schema\\\/person\\\/b1b7702d276c4342c9681656daf57004\"},\"breadcrumb\":{\"@id\":\"https:\\\/\\\/einsteins.ku.de\\\/archiv\\\/1993-medien-in-der-region#breadcrumb\"},\"inLanguage\":\"de\",\"potentialAction\":[{\"@type\":\"ReadAction\",\"target\":[\"https:\\\/\\\/einsteins.ku.de\\\/archiv\\\/1993-medien-in-der-region\"]}]},{\"@type\":\"ImageObject\",\"inLanguage\":\"de\",\"@id\":\"https:\\\/\\\/einsteins.ku.de\\\/archiv\\\/1993-medien-in-der-region#primaryimage\",\"url\":\"https:\\\/\\\/einsteins.ku.de\\\/archiv\\\/wp-content\\\/uploads\\\/2022\\\/07\\\/einsteins-1993.jpg\",\"contentUrl\":\"https:\\\/\\\/einsteins.ku.de\\\/archiv\\\/wp-content\\\/uploads\\\/2022\\\/07\\\/einsteins-1993.jpg\",\"width\":429,\"height\":600},{\"@type\":\"BreadcrumbList\",\"@id\":\"https:\\\/\\\/einsteins.ku.de\\\/archiv\\\/1993-medien-in-der-region#breadcrumb\",\"itemListElement\":[{\"@type\":\"ListItem\",\"position\":1,\"name\":\"Startseite\",\"item\":\"https:\\\/\\\/einsteins.ku.de\\\/archiv\\\/\"},{\"@type\":\"ListItem\",\"position\":2,\"name\":\"1993: Medien in der Region\"}]},{\"@type\":\"WebSite\",\"@id\":\"https:\\\/\\\/einsteins.ku.de\\\/archiv\\\/#website\",\"url\":\"https:\\\/\\\/einsteins.ku.de\\\/archiv\\\/\",\"name\":\"einsteins.archiv\",\"description\":\"Magazin der Journalistik an der KU Eichst\u00e4tt\",\"potentialAction\":[{\"@type\":\"SearchAction\",\"target\":{\"@type\":\"EntryPoint\",\"urlTemplate\":\"https:\\\/\\\/einsteins.ku.de\\\/archiv\\\/?s={search_term_string}\"},\"query-input\":{\"@type\":\"PropertyValueSpecification\",\"valueRequired\":true,\"valueName\":\"search_term_string\"}}],\"inLanguage\":\"de\"},{\"@type\":\"Person\",\"@id\":\"https:\\\/\\\/einsteins.ku.de\\\/archiv\\\/#\\\/schema\\\/person\\\/b1b7702d276c4342c9681656daf57004\",\"name\":\"admin\",\"image\":{\"@type\":\"ImageObject\",\"inLanguage\":\"de\",\"@id\":\"https:\\\/\\\/secure.gravatar.com\\\/avatar\\\/390dc39d6c1f1803607839ffbd731dd16e5f3ba320dcc95ccca91972d8cedc2a?s=96&d=mm&r=g\",\"url\":\"https:\\\/\\\/secure.gravatar.com\\\/avatar\\\/390dc39d6c1f1803607839ffbd731dd16e5f3ba320dcc95ccca91972d8cedc2a?s=96&d=mm&r=g\",\"contentUrl\":\"https:\\\/\\\/secure.gravatar.com\\\/avatar\\\/390dc39d6c1f1803607839ffbd731dd16e5f3ba320dcc95ccca91972d8cedc2a?s=96&d=mm&r=g\",\"caption\":\"admin\"},\"sameAs\":[\"https:\\\/\\\/einsteins.ku.de\\\/archiv\"],\"url\":\"https:\\\/\\\/einsteins.ku.de\\\/archiv\\\/author\\\/admin\"}]}<\/script>\n<!-- \/ Yoast SEO plugin. -->","yoast_head_json":{"title":"1993: Medien in der Region - einsteins.archiv","robots":{"index":"index","follow":"follow","max-snippet":"max-snippet:-1","max-image-preview":"max-image-preview:large","max-video-preview":"max-video-preview:-1"},"canonical":"https:\/\/einsteins.ku.de\/archiv\/1993-medien-in-der-region","og_locale":"de_DE","og_type":"article","og_title":"1993: Medien in der Region - einsteins.archiv","og_description":"Die Medien, so hei\u00dft es, besch\u00e4ftigen sich mit allem - nur nicht mit den Medien. An dieser Beobachtung ist sicher manches zutreffend. Allerdings gibt es auch Gegenbeispiele: So haben die beiden aktuellen Neuerscheinungen auf dem Markt der Wochenbl\u00e4tter eigene \u201eMedien\"-Ressorts eingerichtet. Auch einsteins nr. 3 ist den Medien gewidmet, und zwar den Medien in der n\u00e4heren Um-Welt.","og_url":"https:\/\/einsteins.ku.de\/archiv\/1993-medien-in-der-region","og_site_name":"einsteins.archiv","article_published_time":"1993-07-01T20:47:00+00:00","article_modified_time":"2023-07-19T07:34:03+00:00","og_image":[{"width":429,"height":600,"url":"https:\/\/einsteins.ku.de\/archiv\/wp-content\/uploads\/2022\/07\/einsteins-1993.jpg","type":"image\/jpeg"}],"author":"admin","twitter_card":"summary_large_image","twitter_misc":{"Verfasst von":"admin","Gesch\u00e4tzte Lesezeit":"3\u00a0Minuten"},"schema":{"@context":"https:\/\/schema.org","@graph":[{"@type":"Article","@id":"https:\/\/einsteins.ku.de\/archiv\/1993-medien-in-der-region#article","isPartOf":{"@id":"https:\/\/einsteins.ku.de\/archiv\/1993-medien-in-der-region"},"author":{"name":"admin","@id":"https:\/\/einsteins.ku.de\/archiv\/#\/schema\/person\/b1b7702d276c4342c9681656daf57004"},"headline":"1993: Medien in der Region","datePublished":"1993-07-01T20:47:00+00:00","dateModified":"2023-07-19T07:34:03+00:00","mainEntityOfPage":{"@id":"https:\/\/einsteins.ku.de\/archiv\/1993-medien-in-der-region"},"wordCount":511,"commentCount":0,"image":{"@id":"https:\/\/einsteins.ku.de\/archiv\/1993-medien-in-der-region#primaryimage"},"thumbnailUrl":"https:\/\/einsteins.ku.de\/archiv\/wp-content\/uploads\/2022\/07\/einsteins-1993.jpg","inLanguage":"de","potentialAction":[{"@type":"CommentAction","name":"Comment","target":["https:\/\/einsteins.ku.de\/archiv\/1993-medien-in-der-region#respond"]}]},{"@type":"WebPage","@id":"https:\/\/einsteins.ku.de\/archiv\/1993-medien-in-der-region","url":"https:\/\/einsteins.ku.de\/archiv\/1993-medien-in-der-region","name":"1993: Medien in der Region - einsteins.archiv","isPartOf":{"@id":"https:\/\/einsteins.ku.de\/archiv\/#website"},"primaryImageOfPage":{"@id":"https:\/\/einsteins.ku.de\/archiv\/1993-medien-in-der-region#primaryimage"},"image":{"@id":"https:\/\/einsteins.ku.de\/archiv\/1993-medien-in-der-region#primaryimage"},"thumbnailUrl":"https:\/\/einsteins.ku.de\/archiv\/wp-content\/uploads\/2022\/07\/einsteins-1993.jpg","datePublished":"1993-07-01T20:47:00+00:00","dateModified":"2023-07-19T07:34:03+00:00","author":{"@id":"https:\/\/einsteins.ku.de\/archiv\/#\/schema\/person\/b1b7702d276c4342c9681656daf57004"},"breadcrumb":{"@id":"https:\/\/einsteins.ku.de\/archiv\/1993-medien-in-der-region#breadcrumb"},"inLanguage":"de","potentialAction":[{"@type":"ReadAction","target":["https:\/\/einsteins.ku.de\/archiv\/1993-medien-in-der-region"]}]},{"@type":"ImageObject","inLanguage":"de","@id":"https:\/\/einsteins.ku.de\/archiv\/1993-medien-in-der-region#primaryimage","url":"https:\/\/einsteins.ku.de\/archiv\/wp-content\/uploads\/2022\/07\/einsteins-1993.jpg","contentUrl":"https:\/\/einsteins.ku.de\/archiv\/wp-content\/uploads\/2022\/07\/einsteins-1993.jpg","width":429,"height":600},{"@type":"BreadcrumbList","@id":"https:\/\/einsteins.ku.de\/archiv\/1993-medien-in-der-region#breadcrumb","itemListElement":[{"@type":"ListItem","position":1,"name":"Startseite","item":"https:\/\/einsteins.ku.de\/archiv\/"},{"@type":"ListItem","position":2,"name":"1993: Medien in der Region"}]},{"@type":"WebSite","@id":"https:\/\/einsteins.ku.de\/archiv\/#website","url":"https:\/\/einsteins.ku.de\/archiv\/","name":"einsteins.archiv","description":"Magazin der Journalistik an der KU Eichst\u00e4tt","potentialAction":[{"@type":"SearchAction","target":{"@type":"EntryPoint","urlTemplate":"https:\/\/einsteins.ku.de\/archiv\/?s={search_term_string}"},"query-input":{"@type":"PropertyValueSpecification","valueRequired":true,"valueName":"search_term_string"}}],"inLanguage":"de"},{"@type":"Person","@id":"https:\/\/einsteins.ku.de\/archiv\/#\/schema\/person\/b1b7702d276c4342c9681656daf57004","name":"admin","image":{"@type":"ImageObject","inLanguage":"de","@id":"https:\/\/secure.gravatar.com\/avatar\/390dc39d6c1f1803607839ffbd731dd16e5f3ba320dcc95ccca91972d8cedc2a?s=96&d=mm&r=g","url":"https:\/\/secure.gravatar.com\/avatar\/390dc39d6c1f1803607839ffbd731dd16e5f3ba320dcc95ccca91972d8cedc2a?s=96&d=mm&r=g","contentUrl":"https:\/\/secure.gravatar.com\/avatar\/390dc39d6c1f1803607839ffbd731dd16e5f3ba320dcc95ccca91972d8cedc2a?s=96&d=mm&r=g","caption":"admin"},"sameAs":["https:\/\/einsteins.ku.de\/archiv"],"url":"https:\/\/einsteins.ku.de\/archiv\/author\/admin"}]}},"_links":{"self":[{"href":"https:\/\/einsteins.ku.de\/archiv\/wp-json\/wp\/v2\/posts\/120","targetHints":{"allow":["GET"]}}],"collection":[{"href":"https:\/\/einsteins.ku.de\/archiv\/wp-json\/wp\/v2\/posts"}],"about":[{"href":"https:\/\/einsteins.ku.de\/archiv\/wp-json\/wp\/v2\/types\/post"}],"author":[{"embeddable":true,"href":"https:\/\/einsteins.ku.de\/archiv\/wp-json\/wp\/v2\/users\/1"}],"replies":[{"embeddable":true,"href":"https:\/\/einsteins.ku.de\/archiv\/wp-json\/wp\/v2\/comments?post=120"}],"version-history":[{"count":12,"href":"https:\/\/einsteins.ku.de\/archiv\/wp-json\/wp\/v2\/posts\/120\/revisions"}],"predecessor-version":[{"id":1075,"href":"https:\/\/einsteins.ku.de\/archiv\/wp-json\/wp\/v2\/posts\/120\/revisions\/1075"}],"wp:featuredmedia":[{"embeddable":true,"href":"https:\/\/einsteins.ku.de\/archiv\/wp-json\/wp\/v2\/media\/151"}],"wp:attachment":[{"href":"https:\/\/einsteins.ku.de\/archiv\/wp-json\/wp\/v2\/media?parent=120"}],"wp:term":[{"taxonomy":"category","embeddable":true,"href":"https:\/\/einsteins.ku.de\/archiv\/wp-json\/wp\/v2\/categories?post=120"},{"taxonomy":"post_tag","embeddable":true,"href":"https:\/\/einsteins.ku.de\/archiv\/wp-json\/wp\/v2\/tags?post=120"}],"curies":[{"name":"wp","href":"https:\/\/api.w.org\/{rel}","templated":true}]}}