{"id":125,"date":"1995-07-30T22:48:00","date_gmt":"1995-07-30T20:48:00","guid":{"rendered":"https:\/\/einsteins.ku.de\/archiv\/?p=125"},"modified":"2023-07-19T09:32:53","modified_gmt":"2023-07-19T07:32:53","slug":"1995-wirtschaft-in-der-region","status":"publish","type":"post","link":"https:\/\/einsteins.ku.de\/archiv\/1995-wirtschaft-in-der-region","title":{"rendered":"1995: Wirtschaft in der Region"},"content":{"rendered":"\n<p>Lange Zeit stand der Wirtschaftsjournalismus im Kreuzfeuer der Kritik. Einerseits hat man ihm einseitige Orientierung an den Interessen der Wirtschaftstreibenden, der Produzenten, Investoren und H\u00e4ndler, vorgeworfen. Andererseits wurde die Vermittlungs qualit\u00e4t bem\u00e4ngelt, das Festhalten am Fachjargon, die N\u00e4he zur Expertenkommunikation.<\/p>\n\n\n\n<p>Diese Kritik ist nicht ohne Wirkung geblieben: Auch Wirtschaftsseiten und Wirtschaftssendungen sind in den letzten Jahren ieser-, h\u00f6rer- und zuschauerfreundlicher geworden. In immer mehr Medien geht der Trend weg von n\u00fcchternen Bilanz- und B\u00f6rsenberichten hin zu Infotainment und Servotainment. Auch dieser Trend hat freilich seine T\u00fccken. Um es metaphorisch auszudr\u00fccken: Genu\u00dfmittel ohne N\u00e4hrwert n\u00fctzen genauso wenig wie Nahrungsmittel, die ungenie\u00dfbar sind. Es kommt eben immer auf die richtige Mischung an.<\/p>\n\n\n\n<p>Die vorliegende Ausgabe von einsteins wirft Schlaglichter auf die Situation von Handwerk und Handel, Land- und Automobilwirtschaft, Arbeitsmarkt und Unternehmungsplanung. Und wie immer &#8211; gilt die journalistische Neugier dabei der Region, in der unser Magazin erscheint. Die Autoren haben versucht, Produktion, Handel und Konsum gleicherma\u00dfen ins Visier zu nehmen.<\/p>\n\n\n\n<p>Besonders wichtig ist die Besch\u00e4ftigung mit den Schnittstellen von Wirtschaft und Politik auf der einen und \u00d6konomie und \u00d6kologie auf der anderen Seite. Ein Journalistik-Studiengang, der einen neuen Studienschwerpunkt \u201eWirtschaft und Soziales&#8220; vorbereitet, mu\u00df gerade den Vernetzungen Aufmerksamkeit schenken.<\/p>\n\n\n\n<p>Apropos Kritik: Das Redaktionsteam kann zwar jedes Lob vertragen. Aber dankbar ist es den Lesern vor allem f\u00fcr kritische R\u00fcckmeldungen.<\/p>\n\n\n<div class=\"_df_book df-lite\" id=\"df_1067\"  _slug=\"1995\" data-title=\"1995\" wpoptions=\"true\" thumbtype=\"\" ><\/div><script class=\"df-shortcode-script\" nowprocket type=\"application\/javascript\">window.option_df_1067 = {\"outline\":[],\"autoEnableOutline\":\"false\",\"autoEnableThumbnail\":\"false\",\"overwritePDFOutline\":\"false\",\"direction\":\"1\",\"pageSize\":\"0\",\"source\":\"https:\\\/\\\/einsteins.ku.de\\\/archiv\\\/wp-content\\\/uploads\\\/2023\\\/07\\\/1995.pdf\",\"wpOptions\":\"true\"}; if(window.DFLIP && window.DFLIP.parseBooks){window.DFLIP.parseBooks();}<\/script>\n\n\n<div class=\"erinnerungen_widget\"><div class=\"erinnerungen_widget__content\"><h2>Erinnerungen <span class=\"btn\" onclick=\"open_erinnerungen_form()\">Hochladen<\/span><\/h2><p>Lade deine Erinnerungen und Fotos zu dieser einsteins-Ausgabe hoch.<\/p><\/div><\/div>\n\n\n\n<h2 class=\"wp-block-heading\">Namen<\/h2>\n\n\n\n<p><strong>Autoren: <\/strong>Elisabeth Arndt, Matthias Biebl, Annekatrin Blasczyk, Ute Dilg, Andre Duck, Harald Filipetz, Christine Fleckenstein, Christiane Hilsmann, Anne Hoffmann, Wiebke Huhs, Simone Kienzle, lnge Lamparter, Anne Massenkeil, Claudia Neudecker, Elke Schirmer, Stephan Schmidt, Susanne Sporrer, Andreas Teichmann, Kerstin Walter<\/p>\n\n\n\n<p><strong>Dozent:<\/strong> Wolfgang P\u00fctz<\/p>\n\n\n\n<h2 class=\"wp-block-heading\">Themen<\/h2>\n\n\n\n<p><strong>Wachstumsraum mit vielen M\u00f6glichkeiten | <\/strong>Wirrschaftsdaten der Region 10<\/p>\n\n\n\n<p><strong>Nach jeder siebten Karotte eine Zwiebel | <\/strong>Unternehmenspolitik bei Hipp<\/p>\n\n\n\n<p><strong>Raps: Pflanze der Zukunft | <\/strong>Energieversorger Landwirtschaft<\/p>\n\n\n\n<p><strong>Kontrolliert und dennoch frei | <\/strong>Biobauern setzen auf Selbstvermarktung<\/p>\n\n\n\n<p><strong>Michmix-Misere | <\/strong>Kommentar<\/p>\n\n\n\n<p><strong>Effizienter arbeiten, Fehler verhindern, Gewinne steigern | <\/strong>Qualit\u00e4tssicherung nach den ISO Normen 9000<\/p>\n\n\n\n<p><strong>ISO Norm &#8211; nur ein Etikettenschwindel? | <\/strong>Kommentar<\/p>\n\n\n\n<p><strong>Ausw\u00e4rtige Investoren nicht um jeden Preis |<\/strong> Wirtschaftspolitik in Eichst\u00e4tt<\/p>\n\n\n\n<p><strong>Sponsoren-Kultur | <\/strong>Kommentar<\/p>\n\n\n\n<p><strong>Warten auf die Marktl\u00fccke |<\/strong>&nbsp;Pampastrau\u00dfe statt Schweinemast<\/p>\n\n\n\n<p><strong>Kundenfang mit Service und Kultur | <\/strong>Beratung statt Niedrigpreise<\/p>\n\n\n\n<p><strong>Offenes Ohr f\u00fcr die Verbrauchersorgen | <\/strong>Recht f\u00fcr Kunden<\/p>\n\n\n\n<p><strong>&#8222;Manchmal komme ich mir nutzlos vor&#8220; |<\/strong> Arbeitslosigkeit in der Region<\/p>\n\n\n\n<p><strong>&#8222;Der Standort k\u00f6nnte nicht besser sein&#8220; <\/strong>| Neugr\u00fcndungen<\/p>\n\n\n\n<p><strong>Der Schlankmacher |<\/strong> Interview bei Audi<\/p>\n\n\n\n<p><strong>Glaube, Hoffnung, Liebe |<\/strong> Wie die Politiker in der Region wirtschaften wollen<\/p>\n\n\n\n<p><strong>Mit Hammer und Feile aus der Kriese | <\/strong>Arbeitsplatz am Handwerk<\/p>\n\n\n\n<p><strong>Mit Messer und Gabel was erleben | <\/strong>Neue Wege in der Gastronomie<\/p>\n","protected":false},"excerpt":{"rendered":"<p>Lange Zeit stand der Wirtschaftsjournalismus im Kreuzfeuer der Kritik. Einerseits hat man ihm einseitige Orientierung an den Interessen der Wirtschaftstreibenden, der Produzenten, Investoren und H\u00e4ndler, vorgeworfen. Andererseits wurde die Vermittlungs qualit\u00e4t bem\u00e4ngelt, das Festhalten am Fachjargon, die N\u00e4he zur Expertenkommunikation. Diese Kritik ist nicht ohne Wirkung geblieben: Auch Wirtschaftsseiten und Wirtschaftssendungen sind in den letzten [&hellip;]<\/p>\n","protected":false},"author":1,"featured_media":155,"comment_status":"open","ping_status":"open","sticky":false,"template":"","format":"standard","meta":{"_acf_changed":false,"footnotes":""},"categories":[1],"tags":[],"class_list":["post-125","post","type-post","status-publish","format-standard","has-post-thumbnail","hentry","category-allgemein"],"acf":[],"yoast_head":"<!-- This site is optimized with the Yoast SEO plugin v27.5 - https:\/\/yoast.com\/product\/yoast-seo-wordpress\/ -->\n<title>1995: Wirtschaft in der Region - einsteins.archiv<\/title>\n<meta name=\"robots\" content=\"index, follow, max-snippet:-1, max-image-preview:large, max-video-preview:-1\" \/>\n<link rel=\"canonical\" href=\"https:\/\/einsteins.ku.de\/archiv\/1995-wirtschaft-in-der-region\" \/>\n<meta property=\"og:locale\" content=\"de_DE\" \/>\n<meta property=\"og:type\" content=\"article\" \/>\n<meta property=\"og:title\" content=\"1995: Wirtschaft in der Region - einsteins.archiv\" \/>\n<meta property=\"og:description\" content=\"Lange Zeit stand der Wirtschaftsjournalismus im Kreuzfeuer der Kritik. Einerseits hat man ihm einseitige Orientierung an den Interessen der Wirtschaftstreibenden, der Produzenten, Investoren und H\u00e4ndler, vorgeworfen. Andererseits wurde die Vermittlungs qualit\u00e4t bem\u00e4ngelt, das Festhalten am Fachjargon, die N\u00e4he zur Expertenkommunikation. Diese Kritik ist nicht ohne Wirkung geblieben: Auch Wirtschaftsseiten und Wirtschaftssendungen sind in den letzten [&hellip;]\" \/>\n<meta property=\"og:url\" content=\"https:\/\/einsteins.ku.de\/archiv\/1995-wirtschaft-in-der-region\" \/>\n<meta property=\"og:site_name\" content=\"einsteins.archiv\" \/>\n<meta property=\"article:published_time\" content=\"1995-07-30T20:48:00+00:00\" \/>\n<meta property=\"article:modified_time\" content=\"2023-07-19T07:32:53+00:00\" \/>\n<meta property=\"og:image\" content=\"https:\/\/einsteins.ku.de\/archiv\/wp-content\/uploads\/2022\/07\/einsteins-1995.jpg\" \/>\n\t<meta property=\"og:image:width\" content=\"425\" \/>\n\t<meta property=\"og:image:height\" content=\"600\" \/>\n\t<meta property=\"og:image:type\" content=\"image\/jpeg\" \/>\n<meta name=\"author\" content=\"admin\" \/>\n<meta name=\"twitter:card\" content=\"summary_large_image\" \/>\n<meta name=\"twitter:label1\" content=\"Verfasst von\" \/>\n\t<meta name=\"twitter:data1\" content=\"admin\" \/>\n\t<meta name=\"twitter:label2\" content=\"Gesch\u00e4tzte Lesezeit\" \/>\n\t<meta name=\"twitter:data2\" content=\"2\u00a0Minuten\" \/>\n<script type=\"application\/ld+json\" class=\"yoast-schema-graph\">{\"@context\":\"https:\\\/\\\/schema.org\",\"@graph\":[{\"@type\":\"Article\",\"@id\":\"https:\\\/\\\/einsteins.ku.de\\\/archiv\\\/1995-wirtschaft-in-der-region#article\",\"isPartOf\":{\"@id\":\"https:\\\/\\\/einsteins.ku.de\\\/archiv\\\/1995-wirtschaft-in-der-region\"},\"author\":{\"name\":\"admin\",\"@id\":\"https:\\\/\\\/einsteins.ku.de\\\/archiv\\\/#\\\/schema\\\/person\\\/b1b7702d276c4342c9681656daf57004\"},\"headline\":\"1995: Wirtschaft in der Region\",\"datePublished\":\"1995-07-30T20:48:00+00:00\",\"dateModified\":\"2023-07-19T07:32:53+00:00\",\"mainEntityOfPage\":{\"@id\":\"https:\\\/\\\/einsteins.ku.de\\\/archiv\\\/1995-wirtschaft-in-der-region\"},\"wordCount\":437,\"commentCount\":0,\"image\":{\"@id\":\"https:\\\/\\\/einsteins.ku.de\\\/archiv\\\/1995-wirtschaft-in-der-region#primaryimage\"},\"thumbnailUrl\":\"https:\\\/\\\/einsteins.ku.de\\\/archiv\\\/wp-content\\\/uploads\\\/2022\\\/07\\\/einsteins-1995.jpg\",\"inLanguage\":\"de\",\"potentialAction\":[{\"@type\":\"CommentAction\",\"name\":\"Comment\",\"target\":[\"https:\\\/\\\/einsteins.ku.de\\\/archiv\\\/1995-wirtschaft-in-der-region#respond\"]}]},{\"@type\":\"WebPage\",\"@id\":\"https:\\\/\\\/einsteins.ku.de\\\/archiv\\\/1995-wirtschaft-in-der-region\",\"url\":\"https:\\\/\\\/einsteins.ku.de\\\/archiv\\\/1995-wirtschaft-in-der-region\",\"name\":\"1995: Wirtschaft in der Region - einsteins.archiv\",\"isPartOf\":{\"@id\":\"https:\\\/\\\/einsteins.ku.de\\\/archiv\\\/#website\"},\"primaryImageOfPage\":{\"@id\":\"https:\\\/\\\/einsteins.ku.de\\\/archiv\\\/1995-wirtschaft-in-der-region#primaryimage\"},\"image\":{\"@id\":\"https:\\\/\\\/einsteins.ku.de\\\/archiv\\\/1995-wirtschaft-in-der-region#primaryimage\"},\"thumbnailUrl\":\"https:\\\/\\\/einsteins.ku.de\\\/archiv\\\/wp-content\\\/uploads\\\/2022\\\/07\\\/einsteins-1995.jpg\",\"datePublished\":\"1995-07-30T20:48:00+00:00\",\"dateModified\":\"2023-07-19T07:32:53+00:00\",\"author\":{\"@id\":\"https:\\\/\\\/einsteins.ku.de\\\/archiv\\\/#\\\/schema\\\/person\\\/b1b7702d276c4342c9681656daf57004\"},\"breadcrumb\":{\"@id\":\"https:\\\/\\\/einsteins.ku.de\\\/archiv\\\/1995-wirtschaft-in-der-region#breadcrumb\"},\"inLanguage\":\"de\",\"potentialAction\":[{\"@type\":\"ReadAction\",\"target\":[\"https:\\\/\\\/einsteins.ku.de\\\/archiv\\\/1995-wirtschaft-in-der-region\"]}]},{\"@type\":\"ImageObject\",\"inLanguage\":\"de\",\"@id\":\"https:\\\/\\\/einsteins.ku.de\\\/archiv\\\/1995-wirtschaft-in-der-region#primaryimage\",\"url\":\"https:\\\/\\\/einsteins.ku.de\\\/archiv\\\/wp-content\\\/uploads\\\/2022\\\/07\\\/einsteins-1995.jpg\",\"contentUrl\":\"https:\\\/\\\/einsteins.ku.de\\\/archiv\\\/wp-content\\\/uploads\\\/2022\\\/07\\\/einsteins-1995.jpg\",\"width\":425,\"height\":600},{\"@type\":\"BreadcrumbList\",\"@id\":\"https:\\\/\\\/einsteins.ku.de\\\/archiv\\\/1995-wirtschaft-in-der-region#breadcrumb\",\"itemListElement\":[{\"@type\":\"ListItem\",\"position\":1,\"name\":\"Startseite\",\"item\":\"https:\\\/\\\/einsteins.ku.de\\\/archiv\\\/\"},{\"@type\":\"ListItem\",\"position\":2,\"name\":\"1995: Wirtschaft in der Region\"}]},{\"@type\":\"WebSite\",\"@id\":\"https:\\\/\\\/einsteins.ku.de\\\/archiv\\\/#website\",\"url\":\"https:\\\/\\\/einsteins.ku.de\\\/archiv\\\/\",\"name\":\"einsteins.archiv\",\"description\":\"Magazin der Journalistik an der KU Eichst\u00e4tt\",\"potentialAction\":[{\"@type\":\"SearchAction\",\"target\":{\"@type\":\"EntryPoint\",\"urlTemplate\":\"https:\\\/\\\/einsteins.ku.de\\\/archiv\\\/?s={search_term_string}\"},\"query-input\":{\"@type\":\"PropertyValueSpecification\",\"valueRequired\":true,\"valueName\":\"search_term_string\"}}],\"inLanguage\":\"de\"},{\"@type\":\"Person\",\"@id\":\"https:\\\/\\\/einsteins.ku.de\\\/archiv\\\/#\\\/schema\\\/person\\\/b1b7702d276c4342c9681656daf57004\",\"name\":\"admin\",\"image\":{\"@type\":\"ImageObject\",\"inLanguage\":\"de\",\"@id\":\"https:\\\/\\\/secure.gravatar.com\\\/avatar\\\/390dc39d6c1f1803607839ffbd731dd16e5f3ba320dcc95ccca91972d8cedc2a?s=96&d=mm&r=g\",\"url\":\"https:\\\/\\\/secure.gravatar.com\\\/avatar\\\/390dc39d6c1f1803607839ffbd731dd16e5f3ba320dcc95ccca91972d8cedc2a?s=96&d=mm&r=g\",\"contentUrl\":\"https:\\\/\\\/secure.gravatar.com\\\/avatar\\\/390dc39d6c1f1803607839ffbd731dd16e5f3ba320dcc95ccca91972d8cedc2a?s=96&d=mm&r=g\",\"caption\":\"admin\"},\"sameAs\":[\"https:\\\/\\\/einsteins.ku.de\\\/archiv\"],\"url\":\"https:\\\/\\\/einsteins.ku.de\\\/archiv\\\/author\\\/admin\"}]}<\/script>\n<!-- \/ Yoast SEO plugin. -->","yoast_head_json":{"title":"1995: Wirtschaft in der Region - einsteins.archiv","robots":{"index":"index","follow":"follow","max-snippet":"max-snippet:-1","max-image-preview":"max-image-preview:large","max-video-preview":"max-video-preview:-1"},"canonical":"https:\/\/einsteins.ku.de\/archiv\/1995-wirtschaft-in-der-region","og_locale":"de_DE","og_type":"article","og_title":"1995: Wirtschaft in der Region - einsteins.archiv","og_description":"Lange Zeit stand der Wirtschaftsjournalismus im Kreuzfeuer der Kritik. Einerseits hat man ihm einseitige Orientierung an den Interessen der Wirtschaftstreibenden, der Produzenten, Investoren und H\u00e4ndler, vorgeworfen. Andererseits wurde die Vermittlungs qualit\u00e4t bem\u00e4ngelt, das Festhalten am Fachjargon, die N\u00e4he zur Expertenkommunikation. Diese Kritik ist nicht ohne Wirkung geblieben: Auch Wirtschaftsseiten und Wirtschaftssendungen sind in den letzten [&hellip;]","og_url":"https:\/\/einsteins.ku.de\/archiv\/1995-wirtschaft-in-der-region","og_site_name":"einsteins.archiv","article_published_time":"1995-07-30T20:48:00+00:00","article_modified_time":"2023-07-19T07:32:53+00:00","og_image":[{"width":425,"height":600,"url":"https:\/\/einsteins.ku.de\/archiv\/wp-content\/uploads\/2022\/07\/einsteins-1995.jpg","type":"image\/jpeg"}],"author":"admin","twitter_card":"summary_large_image","twitter_misc":{"Verfasst von":"admin","Gesch\u00e4tzte Lesezeit":"2\u00a0Minuten"},"schema":{"@context":"https:\/\/schema.org","@graph":[{"@type":"Article","@id":"https:\/\/einsteins.ku.de\/archiv\/1995-wirtschaft-in-der-region#article","isPartOf":{"@id":"https:\/\/einsteins.ku.de\/archiv\/1995-wirtschaft-in-der-region"},"author":{"name":"admin","@id":"https:\/\/einsteins.ku.de\/archiv\/#\/schema\/person\/b1b7702d276c4342c9681656daf57004"},"headline":"1995: Wirtschaft in der Region","datePublished":"1995-07-30T20:48:00+00:00","dateModified":"2023-07-19T07:32:53+00:00","mainEntityOfPage":{"@id":"https:\/\/einsteins.ku.de\/archiv\/1995-wirtschaft-in-der-region"},"wordCount":437,"commentCount":0,"image":{"@id":"https:\/\/einsteins.ku.de\/archiv\/1995-wirtschaft-in-der-region#primaryimage"},"thumbnailUrl":"https:\/\/einsteins.ku.de\/archiv\/wp-content\/uploads\/2022\/07\/einsteins-1995.jpg","inLanguage":"de","potentialAction":[{"@type":"CommentAction","name":"Comment","target":["https:\/\/einsteins.ku.de\/archiv\/1995-wirtschaft-in-der-region#respond"]}]},{"@type":"WebPage","@id":"https:\/\/einsteins.ku.de\/archiv\/1995-wirtschaft-in-der-region","url":"https:\/\/einsteins.ku.de\/archiv\/1995-wirtschaft-in-der-region","name":"1995: Wirtschaft in der Region - einsteins.archiv","isPartOf":{"@id":"https:\/\/einsteins.ku.de\/archiv\/#website"},"primaryImageOfPage":{"@id":"https:\/\/einsteins.ku.de\/archiv\/1995-wirtschaft-in-der-region#primaryimage"},"image":{"@id":"https:\/\/einsteins.ku.de\/archiv\/1995-wirtschaft-in-der-region#primaryimage"},"thumbnailUrl":"https:\/\/einsteins.ku.de\/archiv\/wp-content\/uploads\/2022\/07\/einsteins-1995.jpg","datePublished":"1995-07-30T20:48:00+00:00","dateModified":"2023-07-19T07:32:53+00:00","author":{"@id":"https:\/\/einsteins.ku.de\/archiv\/#\/schema\/person\/b1b7702d276c4342c9681656daf57004"},"breadcrumb":{"@id":"https:\/\/einsteins.ku.de\/archiv\/1995-wirtschaft-in-der-region#breadcrumb"},"inLanguage":"de","potentialAction":[{"@type":"ReadAction","target":["https:\/\/einsteins.ku.de\/archiv\/1995-wirtschaft-in-der-region"]}]},{"@type":"ImageObject","inLanguage":"de","@id":"https:\/\/einsteins.ku.de\/archiv\/1995-wirtschaft-in-der-region#primaryimage","url":"https:\/\/einsteins.ku.de\/archiv\/wp-content\/uploads\/2022\/07\/einsteins-1995.jpg","contentUrl":"https:\/\/einsteins.ku.de\/archiv\/wp-content\/uploads\/2022\/07\/einsteins-1995.jpg","width":425,"height":600},{"@type":"BreadcrumbList","@id":"https:\/\/einsteins.ku.de\/archiv\/1995-wirtschaft-in-der-region#breadcrumb","itemListElement":[{"@type":"ListItem","position":1,"name":"Startseite","item":"https:\/\/einsteins.ku.de\/archiv\/"},{"@type":"ListItem","position":2,"name":"1995: Wirtschaft in der Region"}]},{"@type":"WebSite","@id":"https:\/\/einsteins.ku.de\/archiv\/#website","url":"https:\/\/einsteins.ku.de\/archiv\/","name":"einsteins.archiv","description":"Magazin der Journalistik an der KU Eichst\u00e4tt","potentialAction":[{"@type":"SearchAction","target":{"@type":"EntryPoint","urlTemplate":"https:\/\/einsteins.ku.de\/archiv\/?s={search_term_string}"},"query-input":{"@type":"PropertyValueSpecification","valueRequired":true,"valueName":"search_term_string"}}],"inLanguage":"de"},{"@type":"Person","@id":"https:\/\/einsteins.ku.de\/archiv\/#\/schema\/person\/b1b7702d276c4342c9681656daf57004","name":"admin","image":{"@type":"ImageObject","inLanguage":"de","@id":"https:\/\/secure.gravatar.com\/avatar\/390dc39d6c1f1803607839ffbd731dd16e5f3ba320dcc95ccca91972d8cedc2a?s=96&d=mm&r=g","url":"https:\/\/secure.gravatar.com\/avatar\/390dc39d6c1f1803607839ffbd731dd16e5f3ba320dcc95ccca91972d8cedc2a?s=96&d=mm&r=g","contentUrl":"https:\/\/secure.gravatar.com\/avatar\/390dc39d6c1f1803607839ffbd731dd16e5f3ba320dcc95ccca91972d8cedc2a?s=96&d=mm&r=g","caption":"admin"},"sameAs":["https:\/\/einsteins.ku.de\/archiv"],"url":"https:\/\/einsteins.ku.de\/archiv\/author\/admin"}]}},"_links":{"self":[{"href":"https:\/\/einsteins.ku.de\/archiv\/wp-json\/wp\/v2\/posts\/125","targetHints":{"allow":["GET"]}}],"collection":[{"href":"https:\/\/einsteins.ku.de\/archiv\/wp-json\/wp\/v2\/posts"}],"about":[{"href":"https:\/\/einsteins.ku.de\/archiv\/wp-json\/wp\/v2\/types\/post"}],"author":[{"embeddable":true,"href":"https:\/\/einsteins.ku.de\/archiv\/wp-json\/wp\/v2\/users\/1"}],"replies":[{"embeddable":true,"href":"https:\/\/einsteins.ku.de\/archiv\/wp-json\/wp\/v2\/comments?post=125"}],"version-history":[{"count":14,"href":"https:\/\/einsteins.ku.de\/archiv\/wp-json\/wp\/v2\/posts\/125\/revisions"}],"predecessor-version":[{"id":1069,"href":"https:\/\/einsteins.ku.de\/archiv\/wp-json\/wp\/v2\/posts\/125\/revisions\/1069"}],"wp:featuredmedia":[{"embeddable":true,"href":"https:\/\/einsteins.ku.de\/archiv\/wp-json\/wp\/v2\/media\/155"}],"wp:attachment":[{"href":"https:\/\/einsteins.ku.de\/archiv\/wp-json\/wp\/v2\/media?parent=125"}],"wp:term":[{"taxonomy":"category","embeddable":true,"href":"https:\/\/einsteins.ku.de\/archiv\/wp-json\/wp\/v2\/categories?post=125"},{"taxonomy":"post_tag","embeddable":true,"href":"https:\/\/einsteins.ku.de\/archiv\/wp-json\/wp\/v2\/tags?post=125"}],"curies":[{"name":"wp","href":"https:\/\/api.w.org\/{rel}","templated":true}]}}