{"id":191,"date":"2011-07-30T23:01:00","date_gmt":"2011-07-30T21:01:00","guid":{"rendered":"https:\/\/einsteins.ku.de\/archiv\/?p=191"},"modified":"2023-07-19T09:11:31","modified_gmt":"2023-07-19T07:11:31","slug":"2011-tabu","status":"publish","type":"post","link":"https:\/\/einsteins.ku.de\/archiv\/2011-tabu","title":{"rendered":"2011: Tabu"},"content":{"rendered":"<div class=\"_df_book df-lite\" id=\"df_1018\"  _slug=\"2011\" data-title=\"2011\" wpoptions=\"true\" thumbtype=\"\" ><\/div><script class=\"df-shortcode-script\" nowprocket type=\"application\/javascript\">window.option_df_1018 = {\"outline\":[],\"autoEnableOutline\":\"false\",\"autoEnableThumbnail\":\"false\",\"overwritePDFOutline\":\"false\",\"direction\":\"1\",\"pageSize\":\"0\",\"source\":\"https:\\\/\\\/einsteins.ku.de\\\/archiv\\\/wp-content\\\/uploads\\\/2023\\\/07\\\/2011.pdf\",\"wpOptions\":\"true\"}; if(window.DFLIP && window.DFLIP.parseBooks){window.DFLIP.parseBooks();}<\/script>\n\n\n<div class=\"erinnerungen_widget\"><div class=\"erinnerungen_widget__content\"><h2>Erinnerungen <span class=\"btn\" onclick=\"open_erinnerungen_form()\">Hochladen<\/span><\/h2><div id=\"ajax-load-more\" class=\"ajax-load-more-wrap default\"  data-alm-id=\"\" data-canonical-url=\"https:\/\/einsteins.ku.de\/archiv\/2011-tabu\" data-slug=\"2011-tabu\" data-post-id=\"191\"  data-localized=\"ajax_load_more_vars\" data-alm-object=\"ajax_load_more\"><div aria-live=\"polite\" aria-atomic=\"true\" class=\"alm-listing alm-ajax erinnerungen_grid\" data-container-type=\"div\" data-loading-style=\"default\" data-repeater=\"default\" data-post-type=\"erinnerung\" data-meta-key=\"ausgabe\" data-meta-value=\"191\" data-order=\"DESC\" data-orderby=\"date\" data-offset=\"0\" data-posts-per-page=\"6\" data-scroll-distance=\"-1000\" data-button-label=\"Mehr laden\" data-button-loading-label=\"wird geladen\" data-prev-button-label=\"Load Previous\" data-images-loaded=\"true\"><\/div><div class=\"alm-btn-wrap\" data-rel=\"ajax-load-more\"><button class=\"alm-load-more-btn more \" type=\"button\">Mehr laden<\/button><\/div><\/div><\/div><\/div>\n\n\n\n<h2 class=\"wp-block-heading\">Namen<\/h2>\n\n\n\n<p><strong>Redaktion:<\/strong> Anna Riemann, Annika Schneider, Carolin M\u00fcnch, Christian Klenk, Christine Memminger<br>Elisabeth Br\u00fctzel, Eva Limmer, Isabel Ammer, Janika M\u00fcller, Jasmin Welker, Julia Jansen, Katharina Hamel, Kathrin Schiller, Kilian Neuwert, Lucia Walter, Marlena Maerz, Martin Moser, Meike Stephan, Mischa Fuchs, Sabine Cygan, Sabrina Gebauer, Steffen K\u00fchne, Steffi Wagner, Tobias R\u00f6ckl<\/p>\n","protected":false},"excerpt":{"rendered":"<p>Namen Redaktion: Anna Riemann, Annika Schneider, Carolin M\u00fcnch, Christian Klenk, Christine MemmingerElisabeth Br\u00fctzel, Eva Limmer, Isabel Ammer, Janika M\u00fcller, Jasmin Welker, Julia Jansen, Katharina Hamel, Kathrin Schiller, Kilian Neuwert, Lucia Walter, Marlena Maerz, Martin Moser, Meike Stephan, Mischa Fuchs, Sabine Cygan, Sabrina Gebauer, Steffen K\u00fchne, Steffi Wagner, Tobias R\u00f6ckl<\/p>\n","protected":false},"author":1,"featured_media":193,"comment_status":"open","ping_status":"open","sticky":false,"template":"","format":"standard","meta":{"_acf_changed":false,"footnotes":""},"categories":[1],"tags":[],"class_list":["post-191","post","type-post","status-publish","format-standard","has-post-thumbnail","hentry","category-allgemein"],"acf":[],"yoast_head":"<!-- This site is optimized with the Yoast SEO plugin v27.5 - https:\/\/yoast.com\/product\/yoast-seo-wordpress\/ -->\n<title>2011: Tabu - einsteins.archiv<\/title>\n<meta name=\"robots\" content=\"index, follow, max-snippet:-1, max-image-preview:large, max-video-preview:-1\" \/>\n<link rel=\"canonical\" href=\"https:\/\/einsteins.ku.de\/archiv\/2011-tabu\" \/>\n<meta property=\"og:locale\" content=\"de_DE\" \/>\n<meta property=\"og:type\" content=\"article\" \/>\n<meta property=\"og:title\" content=\"2011: Tabu - einsteins.archiv\" \/>\n<meta property=\"og:description\" content=\"Namen Redaktion: Anna Riemann, Annika Schneider, Carolin M\u00fcnch, Christian Klenk, Christine MemmingerElisabeth Br\u00fctzel, Eva Limmer, Isabel Ammer, Janika M\u00fcller, Jasmin Welker, Julia Jansen, Katharina Hamel, Kathrin Schiller, Kilian Neuwert, Lucia Walter, Marlena Maerz, Martin Moser, Meike Stephan, Mischa Fuchs, Sabine Cygan, Sabrina Gebauer, Steffen K\u00fchne, Steffi Wagner, Tobias R\u00f6ckl\" \/>\n<meta property=\"og:url\" content=\"https:\/\/einsteins.ku.de\/archiv\/2011-tabu\" \/>\n<meta property=\"og:site_name\" content=\"einsteins.archiv\" \/>\n<meta property=\"article:published_time\" content=\"2011-07-30T21:01:00+00:00\" \/>\n<meta property=\"article:modified_time\" content=\"2023-07-19T07:11:31+00:00\" \/>\n<meta property=\"og:image\" content=\"https:\/\/einsteins.ku.de\/archiv\/wp-content\/uploads\/2022\/07\/einsteins-2011.jpg\" \/>\n\t<meta property=\"og:image:width\" content=\"779\" \/>\n\t<meta property=\"og:image:height\" content=\"1024\" \/>\n\t<meta property=\"og:image:type\" content=\"image\/jpeg\" \/>\n<meta name=\"author\" content=\"admin\" \/>\n<meta name=\"twitter:card\" content=\"summary_large_image\" \/>\n<meta name=\"twitter:label1\" content=\"Verfasst von\" \/>\n\t<meta name=\"twitter:data1\" content=\"admin\" \/>\n<script type=\"application\/ld+json\" class=\"yoast-schema-graph\">{\"@context\":\"https:\\\/\\\/schema.org\",\"@graph\":[{\"@type\":\"Article\",\"@id\":\"https:\\\/\\\/einsteins.ku.de\\\/archiv\\\/2011-tabu#article\",\"isPartOf\":{\"@id\":\"https:\\\/\\\/einsteins.ku.de\\\/archiv\\\/2011-tabu\"},\"author\":{\"name\":\"admin\",\"@id\":\"https:\\\/\\\/einsteins.ku.de\\\/archiv\\\/#\\\/schema\\\/person\\\/b1b7702d276c4342c9681656daf57004\"},\"headline\":\"2011: Tabu\",\"datePublished\":\"2011-07-30T21:01:00+00:00\",\"dateModified\":\"2023-07-19T07:11:31+00:00\",\"mainEntityOfPage\":{\"@id\":\"https:\\\/\\\/einsteins.ku.de\\\/archiv\\\/2011-tabu\"},\"wordCount\":59,\"commentCount\":0,\"image\":{\"@id\":\"https:\\\/\\\/einsteins.ku.de\\\/archiv\\\/2011-tabu#primaryimage\"},\"thumbnailUrl\":\"https:\\\/\\\/einsteins.ku.de\\\/archiv\\\/wp-content\\\/uploads\\\/2022\\\/07\\\/einsteins-2011.jpg\",\"inLanguage\":\"de\",\"potentialAction\":[{\"@type\":\"CommentAction\",\"name\":\"Comment\",\"target\":[\"https:\\\/\\\/einsteins.ku.de\\\/archiv\\\/2011-tabu#respond\"]}]},{\"@type\":\"WebPage\",\"@id\":\"https:\\\/\\\/einsteins.ku.de\\\/archiv\\\/2011-tabu\",\"url\":\"https:\\\/\\\/einsteins.ku.de\\\/archiv\\\/2011-tabu\",\"name\":\"2011: Tabu - einsteins.archiv\",\"isPartOf\":{\"@id\":\"https:\\\/\\\/einsteins.ku.de\\\/archiv\\\/#website\"},\"primaryImageOfPage\":{\"@id\":\"https:\\\/\\\/einsteins.ku.de\\\/archiv\\\/2011-tabu#primaryimage\"},\"image\":{\"@id\":\"https:\\\/\\\/einsteins.ku.de\\\/archiv\\\/2011-tabu#primaryimage\"},\"thumbnailUrl\":\"https:\\\/\\\/einsteins.ku.de\\\/archiv\\\/wp-content\\\/uploads\\\/2022\\\/07\\\/einsteins-2011.jpg\",\"datePublished\":\"2011-07-30T21:01:00+00:00\",\"dateModified\":\"2023-07-19T07:11:31+00:00\",\"author\":{\"@id\":\"https:\\\/\\\/einsteins.ku.de\\\/archiv\\\/#\\\/schema\\\/person\\\/b1b7702d276c4342c9681656daf57004\"},\"breadcrumb\":{\"@id\":\"https:\\\/\\\/einsteins.ku.de\\\/archiv\\\/2011-tabu#breadcrumb\"},\"inLanguage\":\"de\",\"potentialAction\":[{\"@type\":\"ReadAction\",\"target\":[\"https:\\\/\\\/einsteins.ku.de\\\/archiv\\\/2011-tabu\"]}]},{\"@type\":\"ImageObject\",\"inLanguage\":\"de\",\"@id\":\"https:\\\/\\\/einsteins.ku.de\\\/archiv\\\/2011-tabu#primaryimage\",\"url\":\"https:\\\/\\\/einsteins.ku.de\\\/archiv\\\/wp-content\\\/uploads\\\/2022\\\/07\\\/einsteins-2011.jpg\",\"contentUrl\":\"https:\\\/\\\/einsteins.ku.de\\\/archiv\\\/wp-content\\\/uploads\\\/2022\\\/07\\\/einsteins-2011.jpg\",\"width\":779,\"height\":1024},{\"@type\":\"BreadcrumbList\",\"@id\":\"https:\\\/\\\/einsteins.ku.de\\\/archiv\\\/2011-tabu#breadcrumb\",\"itemListElement\":[{\"@type\":\"ListItem\",\"position\":1,\"name\":\"Startseite\",\"item\":\"https:\\\/\\\/einsteins.ku.de\\\/archiv\\\/\"},{\"@type\":\"ListItem\",\"position\":2,\"name\":\"2011: Tabu\"}]},{\"@type\":\"WebSite\",\"@id\":\"https:\\\/\\\/einsteins.ku.de\\\/archiv\\\/#website\",\"url\":\"https:\\\/\\\/einsteins.ku.de\\\/archiv\\\/\",\"name\":\"einsteins.archiv\",\"description\":\"Magazin der Journalistik an der KU Eichst\u00e4tt\",\"potentialAction\":[{\"@type\":\"SearchAction\",\"target\":{\"@type\":\"EntryPoint\",\"urlTemplate\":\"https:\\\/\\\/einsteins.ku.de\\\/archiv\\\/?s={search_term_string}\"},\"query-input\":{\"@type\":\"PropertyValueSpecification\",\"valueRequired\":true,\"valueName\":\"search_term_string\"}}],\"inLanguage\":\"de\"},{\"@type\":\"Person\",\"@id\":\"https:\\\/\\\/einsteins.ku.de\\\/archiv\\\/#\\\/schema\\\/person\\\/b1b7702d276c4342c9681656daf57004\",\"name\":\"admin\",\"image\":{\"@type\":\"ImageObject\",\"inLanguage\":\"de\",\"@id\":\"https:\\\/\\\/secure.gravatar.com\\\/avatar\\\/390dc39d6c1f1803607839ffbd731dd16e5f3ba320dcc95ccca91972d8cedc2a?s=96&d=mm&r=g\",\"url\":\"https:\\\/\\\/secure.gravatar.com\\\/avatar\\\/390dc39d6c1f1803607839ffbd731dd16e5f3ba320dcc95ccca91972d8cedc2a?s=96&d=mm&r=g\",\"contentUrl\":\"https:\\\/\\\/secure.gravatar.com\\\/avatar\\\/390dc39d6c1f1803607839ffbd731dd16e5f3ba320dcc95ccca91972d8cedc2a?s=96&d=mm&r=g\",\"caption\":\"admin\"},\"sameAs\":[\"https:\\\/\\\/einsteins.ku.de\\\/archiv\"],\"url\":\"https:\\\/\\\/einsteins.ku.de\\\/archiv\\\/author\\\/admin\"}]}<\/script>\n<!-- \/ Yoast SEO plugin. -->","yoast_head_json":{"title":"2011: Tabu - einsteins.archiv","robots":{"index":"index","follow":"follow","max-snippet":"max-snippet:-1","max-image-preview":"max-image-preview:large","max-video-preview":"max-video-preview:-1"},"canonical":"https:\/\/einsteins.ku.de\/archiv\/2011-tabu","og_locale":"de_DE","og_type":"article","og_title":"2011: Tabu - einsteins.archiv","og_description":"Namen Redaktion: Anna Riemann, Annika Schneider, Carolin M\u00fcnch, Christian Klenk, Christine MemmingerElisabeth Br\u00fctzel, Eva Limmer, Isabel Ammer, Janika M\u00fcller, Jasmin Welker, Julia Jansen, Katharina Hamel, Kathrin Schiller, Kilian Neuwert, Lucia Walter, Marlena Maerz, Martin Moser, Meike Stephan, Mischa Fuchs, Sabine Cygan, Sabrina Gebauer, Steffen K\u00fchne, Steffi Wagner, Tobias R\u00f6ckl","og_url":"https:\/\/einsteins.ku.de\/archiv\/2011-tabu","og_site_name":"einsteins.archiv","article_published_time":"2011-07-30T21:01:00+00:00","article_modified_time":"2023-07-19T07:11:31+00:00","og_image":[{"width":779,"height":1024,"url":"https:\/\/einsteins.ku.de\/archiv\/wp-content\/uploads\/2022\/07\/einsteins-2011.jpg","type":"image\/jpeg"}],"author":"admin","twitter_card":"summary_large_image","twitter_misc":{"Verfasst von":"admin"},"schema":{"@context":"https:\/\/schema.org","@graph":[{"@type":"Article","@id":"https:\/\/einsteins.ku.de\/archiv\/2011-tabu#article","isPartOf":{"@id":"https:\/\/einsteins.ku.de\/archiv\/2011-tabu"},"author":{"name":"admin","@id":"https:\/\/einsteins.ku.de\/archiv\/#\/schema\/person\/b1b7702d276c4342c9681656daf57004"},"headline":"2011: Tabu","datePublished":"2011-07-30T21:01:00+00:00","dateModified":"2023-07-19T07:11:31+00:00","mainEntityOfPage":{"@id":"https:\/\/einsteins.ku.de\/archiv\/2011-tabu"},"wordCount":59,"commentCount":0,"image":{"@id":"https:\/\/einsteins.ku.de\/archiv\/2011-tabu#primaryimage"},"thumbnailUrl":"https:\/\/einsteins.ku.de\/archiv\/wp-content\/uploads\/2022\/07\/einsteins-2011.jpg","inLanguage":"de","potentialAction":[{"@type":"CommentAction","name":"Comment","target":["https:\/\/einsteins.ku.de\/archiv\/2011-tabu#respond"]}]},{"@type":"WebPage","@id":"https:\/\/einsteins.ku.de\/archiv\/2011-tabu","url":"https:\/\/einsteins.ku.de\/archiv\/2011-tabu","name":"2011: Tabu - einsteins.archiv","isPartOf":{"@id":"https:\/\/einsteins.ku.de\/archiv\/#website"},"primaryImageOfPage":{"@id":"https:\/\/einsteins.ku.de\/archiv\/2011-tabu#primaryimage"},"image":{"@id":"https:\/\/einsteins.ku.de\/archiv\/2011-tabu#primaryimage"},"thumbnailUrl":"https:\/\/einsteins.ku.de\/archiv\/wp-content\/uploads\/2022\/07\/einsteins-2011.jpg","datePublished":"2011-07-30T21:01:00+00:00","dateModified":"2023-07-19T07:11:31+00:00","author":{"@id":"https:\/\/einsteins.ku.de\/archiv\/#\/schema\/person\/b1b7702d276c4342c9681656daf57004"},"breadcrumb":{"@id":"https:\/\/einsteins.ku.de\/archiv\/2011-tabu#breadcrumb"},"inLanguage":"de","potentialAction":[{"@type":"ReadAction","target":["https:\/\/einsteins.ku.de\/archiv\/2011-tabu"]}]},{"@type":"ImageObject","inLanguage":"de","@id":"https:\/\/einsteins.ku.de\/archiv\/2011-tabu#primaryimage","url":"https:\/\/einsteins.ku.de\/archiv\/wp-content\/uploads\/2022\/07\/einsteins-2011.jpg","contentUrl":"https:\/\/einsteins.ku.de\/archiv\/wp-content\/uploads\/2022\/07\/einsteins-2011.jpg","width":779,"height":1024},{"@type":"BreadcrumbList","@id":"https:\/\/einsteins.ku.de\/archiv\/2011-tabu#breadcrumb","itemListElement":[{"@type":"ListItem","position":1,"name":"Startseite","item":"https:\/\/einsteins.ku.de\/archiv\/"},{"@type":"ListItem","position":2,"name":"2011: Tabu"}]},{"@type":"WebSite","@id":"https:\/\/einsteins.ku.de\/archiv\/#website","url":"https:\/\/einsteins.ku.de\/archiv\/","name":"einsteins.archiv","description":"Magazin der Journalistik an der KU Eichst\u00e4tt","potentialAction":[{"@type":"SearchAction","target":{"@type":"EntryPoint","urlTemplate":"https:\/\/einsteins.ku.de\/archiv\/?s={search_term_string}"},"query-input":{"@type":"PropertyValueSpecification","valueRequired":true,"valueName":"search_term_string"}}],"inLanguage":"de"},{"@type":"Person","@id":"https:\/\/einsteins.ku.de\/archiv\/#\/schema\/person\/b1b7702d276c4342c9681656daf57004","name":"admin","image":{"@type":"ImageObject","inLanguage":"de","@id":"https:\/\/secure.gravatar.com\/avatar\/390dc39d6c1f1803607839ffbd731dd16e5f3ba320dcc95ccca91972d8cedc2a?s=96&d=mm&r=g","url":"https:\/\/secure.gravatar.com\/avatar\/390dc39d6c1f1803607839ffbd731dd16e5f3ba320dcc95ccca91972d8cedc2a?s=96&d=mm&r=g","contentUrl":"https:\/\/secure.gravatar.com\/avatar\/390dc39d6c1f1803607839ffbd731dd16e5f3ba320dcc95ccca91972d8cedc2a?s=96&d=mm&r=g","caption":"admin"},"sameAs":["https:\/\/einsteins.ku.de\/archiv"],"url":"https:\/\/einsteins.ku.de\/archiv\/author\/admin"}]}},"_links":{"self":[{"href":"https:\/\/einsteins.ku.de\/archiv\/wp-json\/wp\/v2\/posts\/191","targetHints":{"allow":["GET"]}}],"collection":[{"href":"https:\/\/einsteins.ku.de\/archiv\/wp-json\/wp\/v2\/posts"}],"about":[{"href":"https:\/\/einsteins.ku.de\/archiv\/wp-json\/wp\/v2\/types\/post"}],"author":[{"embeddable":true,"href":"https:\/\/einsteins.ku.de\/archiv\/wp-json\/wp\/v2\/users\/1"}],"replies":[{"embeddable":true,"href":"https:\/\/einsteins.ku.de\/archiv\/wp-json\/wp\/v2\/comments?post=191"}],"version-history":[{"count":13,"href":"https:\/\/einsteins.ku.de\/archiv\/wp-json\/wp\/v2\/posts\/191\/revisions"}],"predecessor-version":[{"id":1021,"href":"https:\/\/einsteins.ku.de\/archiv\/wp-json\/wp\/v2\/posts\/191\/revisions\/1021"}],"wp:featuredmedia":[{"embeddable":true,"href":"https:\/\/einsteins.ku.de\/archiv\/wp-json\/wp\/v2\/media\/193"}],"wp:attachment":[{"href":"https:\/\/einsteins.ku.de\/archiv\/wp-json\/wp\/v2\/media?parent=191"}],"wp:term":[{"taxonomy":"category","embeddable":true,"href":"https:\/\/einsteins.ku.de\/archiv\/wp-json\/wp\/v2\/categories?post=191"},{"taxonomy":"post_tag","embeddable":true,"href":"https:\/\/einsteins.ku.de\/archiv\/wp-json\/wp\/v2\/tags?post=191"}],"curies":[{"name":"wp","href":"https:\/\/api.w.org\/{rel}","templated":true}]}}