{"id":21,"date":"2018-07-29T12:23:03","date_gmt":"2018-07-29T10:23:03","guid":{"rendered":"https:\/\/einsteins.ku.de\/archiv\/?p=21"},"modified":"2023-11-29T14:30:44","modified_gmt":"2023-11-29T13:30:44","slug":"2018-protest","status":"publish","type":"post","link":"https:\/\/einsteins.ku.de\/archiv\/2018-protest","title":{"rendered":"2018: Protest"},"content":{"rendered":"\n<p>Einsteins dreht sich dieses Jahr um Protest. In ganz Deutschland und sogar in Israel sind unsere Reporter den verschiedensten Formen des Protests auf den Grund gegangen.<\/p>\n\n\n<div class=\"_df_book df-lite\" id=\"df_1115\"  _slug=\"2018\" data-title=\"2018\" wpoptions=\"true\" thumbtype=\"\" ><\/div><script class=\"df-shortcode-script\" nowprocket type=\"application\/javascript\">window.option_df_1115 = {\"outline\":[],\"autoEnableOutline\":\"false\",\"autoEnableThumbnail\":\"false\",\"overwritePDFOutline\":\"false\",\"direction\":\"1\",\"pageSize\":\"0\",\"source\":\"https:\\\/\\\/einsteins.ku.de\\\/archiv\\\/wp-content\\\/uploads\\\/2023\\\/11\\\/einsteins-2018_-1.pdf\",\"wpOptions\":\"true\"}; if(window.DFLIP && window.DFLIP.parseBooks){window.DFLIP.parseBooks();}<\/script>\n\n\n<div class=\"erinnerungen_widget\"><div class=\"erinnerungen_widget__content\"><h2>Erinnerungen <span class=\"btn\" onclick=\"open_erinnerungen_form()\">Hochladen<\/span><\/h2><p>Lade deine Erinnerungen und Fotos zu dieser einsteins-Ausgabe hoch.<\/p><\/div><\/div>\n\n\n\n<h2 class=\"wp-block-heading\">Namen<\/h2>\n\n\n\n<p><strong>Redaktion: <\/strong>Matthias Reinelt, Daniela Weichselgartner, Michael Eham, Nicolas Riedmiller, Jana Rudolf, Marie Campisi, Benedikt Schimmer, Val\u00e9rie Nowak, Talitha Waitzinger, Julia Leiber, Fabienne Simon, Jennifer Sandmeyer, Antonia Titze, Marina Weirich, Thomas Balbierer, Markus Renz, Tim Ruben Weimer, Felicitas Appel, Jana Thiel, Nico Scheink\u00f6nig, Margarita Bulimov<\/p>\n\n\n\n<p><strong>Dozierende:<\/strong> Friederike Herrmann, Pascal Tannich, Susanne Wegner<\/p>\n\n\n\n<h2 class=\"wp-block-heading\">Themen<\/h2>\n\n\n\n<p><strong>F\u00fcr immer schulfrei |<\/strong> Kinder in Deutschland m\u00fcssen zur Schule \u2013 doch genau das sehen Freilerner anders. Ihre Kritik: Das deutsche Schulsystem muss auch individuelle Alternativen zulassen. Die Freilerner verweigern sich der Schule, denn die Kinder sollen beim Lernen selbst \u00fcber Zeit, Ort und Inhalt bestimmen.<\/p>\n\n\n\n<p><strong>Platzverweis |<\/strong> Die Weltmeisterschaft direkt vor der eigenen Haust\u00fcr \u2013 eigentlich der Traum eines jeden Fu\u00dfballfans. Doch der L\u00e4rm st\u00f6rt die Pr\u00fcfungsphase der Studenten der Staatlichen Universit\u00e4t Moskau. Ein Jahr lang protestierten sie gegen die WM-Fanzone an ihrer Universit\u00e4t.<\/p>\n\n\n\n<p><strong>\u201eSchei\u00df Bullen, haut ab\u201c |<\/strong> Aggression und Wut auf Demonstrationen: Polizeioberrat Steffen Haas erz\u00e4hlt von seinen Erfahrungen und Strategien im Umgang mit gewaltbereiten Protestierenden.<\/p>\n\n\n\n<p><strong>Reise: Naher Osten |<\/strong> Sie leben nahezu am selben Ort und leben doch in so unterschiedlichen Welten. Eine Reise zu vier Menschen in Israel und den pal\u00e4stinensischen Gebieten.<\/p>\n\n\n\n<p><strong>N\u00e4chste Ausfahrt: Deutsches Reich |<\/strong> \u201eWir haben kein Problem mit Reichsb\u00fcrgern, wir haben ein Problem mit rechtsradikalen Verschw\u00f6rungstheorien!\u201c<\/p>\n\n\n\n<p><strong>Bauernopfer: Miesbachs Wasser |<\/strong> Bauern im Landkreis Miesbach wehren sich gegen die Umsetzung eines Gesetzes, das eigentlich nur das Wasser sch\u00fctzen soll, aber ihre Existenzen bedroht.<\/p>\n\n\n\n<p><strong>Zwischen Baggern und B\u00e4umen |<\/strong> Wenn die Natur Geschichten erz\u00e4hlen k\u00f6nnte: Der Hambacher Forst blickt auf eine ereignisreiche Historie zur\u00fcck. Doch auch in der Gegenwart bleibt es nicht ruhig.<\/p>\n\n\n\n<p><strong>Eine Kunst f\u00fcr sich |<\/strong> Protest in der Pflege ist nur schwer umsetzbar. Doch es gibt kreative M\u00f6glichkeiten, um auf den Pflegenotstand aufmerksam zu machen.<\/p>\n\n\n\n<p><strong>Gandhi statt Guevara | <\/strong>Vom Blockadetraining \u00fcber Sambatrommeln bis hin zu Stra\u00dfentheater. Mit einer Vielzahl von Workshops lernen die Teilnehmer auf der Attac-Aktionsakademie 2018 in Schw\u00e4bisch Hall, wie man friedlich und kreativ protestiert.<\/p>\n\n\n\n<p><strong>Anwalt der Aktivisten |<\/strong> Holger Isabelle J\u00e4nicke ist hauptberuflich Aktivist. Seine Arbeit zeigt: Protest findet nicht nur auf der Stra\u00dfe statt, sondern auch am Schreibtisch, im Gerichtssaal oder bei Gespr\u00e4chen unter B\u00e4umen.<\/p>\n\n\n\n<p><strong>Protest ist eine Sache von Bessergebildeten |<\/strong> Dr. Simon Teune besch\u00e4ftigt sich seit 2005 wissenschaftlich mit Protesten und sozialen Bewegungen. EINSTEINS sprach mit ihm \u00fcber Frieden und Gewalt, Pegida, G20 und den Arabischen Fr\u00fchling, sowie \u00fcber den typisch deutschen Protest.<\/p>\n","protected":false},"excerpt":{"rendered":"<p>Wusstet ihr schon, dass im Hambacher Forst Aktivisten monatelang auf B\u00e4umen leben oder Pflegerinnen mit vorschriftsm\u00e4\u00dfiger Handdesinfektion ein Krankenhaus lahmlegen k\u00f6nnen? Vermutlich nicht. Einsteins dreht sich dieses Jahr um Protest.<\/p>\n","protected":false},"author":1,"featured_media":76,"comment_status":"open","ping_status":"open","sticky":false,"template":"","format":"standard","meta":{"_acf_changed":false,"footnotes":""},"categories":[1],"tags":[],"class_list":["post-21","post","type-post","status-publish","format-standard","has-post-thumbnail","hentry","category-allgemein"],"acf":[],"yoast_head":"<!-- This site is optimized with the Yoast SEO plugin v27.5 - https:\/\/yoast.com\/product\/yoast-seo-wordpress\/ -->\n<title>2018: Protest - einsteins.archiv<\/title>\n<meta name=\"robots\" content=\"index, follow, max-snippet:-1, max-image-preview:large, max-video-preview:-1\" \/>\n<link rel=\"canonical\" href=\"https:\/\/einsteins.ku.de\/archiv\/2018-protest\" \/>\n<meta property=\"og:locale\" content=\"de_DE\" \/>\n<meta property=\"og:type\" content=\"article\" \/>\n<meta property=\"og:title\" content=\"2018: Protest - einsteins.archiv\" \/>\n<meta property=\"og:description\" content=\"Wusstet ihr schon, dass im Hambacher Forst Aktivisten monatelang auf B\u00e4umen leben oder Pflegerinnen mit vorschriftsm\u00e4\u00dfiger Handdesinfektion ein Krankenhaus lahmlegen k\u00f6nnen? Vermutlich nicht. Einsteins dreht sich dieses Jahr um Protest.\" \/>\n<meta property=\"og:url\" content=\"https:\/\/einsteins.ku.de\/archiv\/2018-protest\" \/>\n<meta property=\"og:site_name\" content=\"einsteins.archiv\" \/>\n<meta property=\"article:published_time\" content=\"2018-07-29T10:23:03+00:00\" \/>\n<meta property=\"article:modified_time\" content=\"2023-11-29T13:30:44+00:00\" \/>\n<meta property=\"og:image\" content=\"https:\/\/einsteins.ku.de\/archiv\/wp-content\/uploads\/2018\/07\/06-25_Zimmermann_Cover_V1-1.png\" \/>\n\t<meta property=\"og:image:width\" content=\"591\" \/>\n\t<meta property=\"og:image:height\" content=\"783\" \/>\n\t<meta property=\"og:image:type\" content=\"image\/png\" \/>\n<meta name=\"author\" content=\"admin\" \/>\n<meta name=\"twitter:card\" content=\"summary_large_image\" \/>\n<meta name=\"twitter:label1\" content=\"Verfasst von\" \/>\n\t<meta name=\"twitter:data1\" content=\"admin\" \/>\n\t<meta name=\"twitter:label2\" content=\"Gesch\u00e4tzte Lesezeit\" \/>\n\t<meta name=\"twitter:data2\" content=\"3\u00a0Minuten\" \/>\n<script type=\"application\/ld+json\" class=\"yoast-schema-graph\">{\"@context\":\"https:\\\/\\\/schema.org\",\"@graph\":[{\"@type\":\"Article\",\"@id\":\"https:\\\/\\\/einsteins.ku.de\\\/archiv\\\/2018-protest#article\",\"isPartOf\":{\"@id\":\"https:\\\/\\\/einsteins.ku.de\\\/archiv\\\/2018-protest\"},\"author\":{\"name\":\"admin\",\"@id\":\"https:\\\/\\\/einsteins.ku.de\\\/archiv\\\/#\\\/schema\\\/person\\\/b1b7702d276c4342c9681656daf57004\"},\"headline\":\"2018: Protest\",\"datePublished\":\"2018-07-29T10:23:03+00:00\",\"dateModified\":\"2023-11-29T13:30:44+00:00\",\"mainEntityOfPage\":{\"@id\":\"https:\\\/\\\/einsteins.ku.de\\\/archiv\\\/2018-protest\"},\"wordCount\":440,\"commentCount\":0,\"image\":{\"@id\":\"https:\\\/\\\/einsteins.ku.de\\\/archiv\\\/2018-protest#primaryimage\"},\"thumbnailUrl\":\"https:\\\/\\\/einsteins.ku.de\\\/archiv\\\/wp-content\\\/uploads\\\/2018\\\/07\\\/06-25_Zimmermann_Cover_V1-1.png\",\"inLanguage\":\"de\",\"potentialAction\":[{\"@type\":\"CommentAction\",\"name\":\"Comment\",\"target\":[\"https:\\\/\\\/einsteins.ku.de\\\/archiv\\\/2018-protest#respond\"]}]},{\"@type\":\"WebPage\",\"@id\":\"https:\\\/\\\/einsteins.ku.de\\\/archiv\\\/2018-protest\",\"url\":\"https:\\\/\\\/einsteins.ku.de\\\/archiv\\\/2018-protest\",\"name\":\"2018: Protest - einsteins.archiv\",\"isPartOf\":{\"@id\":\"https:\\\/\\\/einsteins.ku.de\\\/archiv\\\/#website\"},\"primaryImageOfPage\":{\"@id\":\"https:\\\/\\\/einsteins.ku.de\\\/archiv\\\/2018-protest#primaryimage\"},\"image\":{\"@id\":\"https:\\\/\\\/einsteins.ku.de\\\/archiv\\\/2018-protest#primaryimage\"},\"thumbnailUrl\":\"https:\\\/\\\/einsteins.ku.de\\\/archiv\\\/wp-content\\\/uploads\\\/2018\\\/07\\\/06-25_Zimmermann_Cover_V1-1.png\",\"datePublished\":\"2018-07-29T10:23:03+00:00\",\"dateModified\":\"2023-11-29T13:30:44+00:00\",\"author\":{\"@id\":\"https:\\\/\\\/einsteins.ku.de\\\/archiv\\\/#\\\/schema\\\/person\\\/b1b7702d276c4342c9681656daf57004\"},\"breadcrumb\":{\"@id\":\"https:\\\/\\\/einsteins.ku.de\\\/archiv\\\/2018-protest#breadcrumb\"},\"inLanguage\":\"de\",\"potentialAction\":[{\"@type\":\"ReadAction\",\"target\":[\"https:\\\/\\\/einsteins.ku.de\\\/archiv\\\/2018-protest\"]}]},{\"@type\":\"ImageObject\",\"inLanguage\":\"de\",\"@id\":\"https:\\\/\\\/einsteins.ku.de\\\/archiv\\\/2018-protest#primaryimage\",\"url\":\"https:\\\/\\\/einsteins.ku.de\\\/archiv\\\/wp-content\\\/uploads\\\/2018\\\/07\\\/06-25_Zimmermann_Cover_V1-1.png\",\"contentUrl\":\"https:\\\/\\\/einsteins.ku.de\\\/archiv\\\/wp-content\\\/uploads\\\/2018\\\/07\\\/06-25_Zimmermann_Cover_V1-1.png\",\"width\":591,\"height\":783},{\"@type\":\"BreadcrumbList\",\"@id\":\"https:\\\/\\\/einsteins.ku.de\\\/archiv\\\/2018-protest#breadcrumb\",\"itemListElement\":[{\"@type\":\"ListItem\",\"position\":1,\"name\":\"Startseite\",\"item\":\"https:\\\/\\\/einsteins.ku.de\\\/archiv\\\/\"},{\"@type\":\"ListItem\",\"position\":2,\"name\":\"2018: Protest\"}]},{\"@type\":\"WebSite\",\"@id\":\"https:\\\/\\\/einsteins.ku.de\\\/archiv\\\/#website\",\"url\":\"https:\\\/\\\/einsteins.ku.de\\\/archiv\\\/\",\"name\":\"einsteins.archiv\",\"description\":\"Magazin der Journalistik an der KU Eichst\u00e4tt\",\"potentialAction\":[{\"@type\":\"SearchAction\",\"target\":{\"@type\":\"EntryPoint\",\"urlTemplate\":\"https:\\\/\\\/einsteins.ku.de\\\/archiv\\\/?s={search_term_string}\"},\"query-input\":{\"@type\":\"PropertyValueSpecification\",\"valueRequired\":true,\"valueName\":\"search_term_string\"}}],\"inLanguage\":\"de\"},{\"@type\":\"Person\",\"@id\":\"https:\\\/\\\/einsteins.ku.de\\\/archiv\\\/#\\\/schema\\\/person\\\/b1b7702d276c4342c9681656daf57004\",\"name\":\"admin\",\"image\":{\"@type\":\"ImageObject\",\"inLanguage\":\"de\",\"@id\":\"https:\\\/\\\/secure.gravatar.com\\\/avatar\\\/390dc39d6c1f1803607839ffbd731dd16e5f3ba320dcc95ccca91972d8cedc2a?s=96&d=mm&r=g\",\"url\":\"https:\\\/\\\/secure.gravatar.com\\\/avatar\\\/390dc39d6c1f1803607839ffbd731dd16e5f3ba320dcc95ccca91972d8cedc2a?s=96&d=mm&r=g\",\"contentUrl\":\"https:\\\/\\\/secure.gravatar.com\\\/avatar\\\/390dc39d6c1f1803607839ffbd731dd16e5f3ba320dcc95ccca91972d8cedc2a?s=96&d=mm&r=g\",\"caption\":\"admin\"},\"sameAs\":[\"https:\\\/\\\/einsteins.ku.de\\\/archiv\"],\"url\":\"https:\\\/\\\/einsteins.ku.de\\\/archiv\\\/author\\\/admin\"}]}<\/script>\n<!-- \/ Yoast SEO plugin. -->","yoast_head_json":{"title":"2018: Protest - einsteins.archiv","robots":{"index":"index","follow":"follow","max-snippet":"max-snippet:-1","max-image-preview":"max-image-preview:large","max-video-preview":"max-video-preview:-1"},"canonical":"https:\/\/einsteins.ku.de\/archiv\/2018-protest","og_locale":"de_DE","og_type":"article","og_title":"2018: Protest - einsteins.archiv","og_description":"Wusstet ihr schon, dass im Hambacher Forst Aktivisten monatelang auf B\u00e4umen leben oder Pflegerinnen mit vorschriftsm\u00e4\u00dfiger Handdesinfektion ein Krankenhaus lahmlegen k\u00f6nnen? Vermutlich nicht. Einsteins dreht sich dieses Jahr um Protest.","og_url":"https:\/\/einsteins.ku.de\/archiv\/2018-protest","og_site_name":"einsteins.archiv","article_published_time":"2018-07-29T10:23:03+00:00","article_modified_time":"2023-11-29T13:30:44+00:00","og_image":[{"width":591,"height":783,"url":"https:\/\/einsteins.ku.de\/archiv\/wp-content\/uploads\/2018\/07\/06-25_Zimmermann_Cover_V1-1.png","type":"image\/png"}],"author":"admin","twitter_card":"summary_large_image","twitter_misc":{"Verfasst von":"admin","Gesch\u00e4tzte Lesezeit":"3\u00a0Minuten"},"schema":{"@context":"https:\/\/schema.org","@graph":[{"@type":"Article","@id":"https:\/\/einsteins.ku.de\/archiv\/2018-protest#article","isPartOf":{"@id":"https:\/\/einsteins.ku.de\/archiv\/2018-protest"},"author":{"name":"admin","@id":"https:\/\/einsteins.ku.de\/archiv\/#\/schema\/person\/b1b7702d276c4342c9681656daf57004"},"headline":"2018: Protest","datePublished":"2018-07-29T10:23:03+00:00","dateModified":"2023-11-29T13:30:44+00:00","mainEntityOfPage":{"@id":"https:\/\/einsteins.ku.de\/archiv\/2018-protest"},"wordCount":440,"commentCount":0,"image":{"@id":"https:\/\/einsteins.ku.de\/archiv\/2018-protest#primaryimage"},"thumbnailUrl":"https:\/\/einsteins.ku.de\/archiv\/wp-content\/uploads\/2018\/07\/06-25_Zimmermann_Cover_V1-1.png","inLanguage":"de","potentialAction":[{"@type":"CommentAction","name":"Comment","target":["https:\/\/einsteins.ku.de\/archiv\/2018-protest#respond"]}]},{"@type":"WebPage","@id":"https:\/\/einsteins.ku.de\/archiv\/2018-protest","url":"https:\/\/einsteins.ku.de\/archiv\/2018-protest","name":"2018: Protest - einsteins.archiv","isPartOf":{"@id":"https:\/\/einsteins.ku.de\/archiv\/#website"},"primaryImageOfPage":{"@id":"https:\/\/einsteins.ku.de\/archiv\/2018-protest#primaryimage"},"image":{"@id":"https:\/\/einsteins.ku.de\/archiv\/2018-protest#primaryimage"},"thumbnailUrl":"https:\/\/einsteins.ku.de\/archiv\/wp-content\/uploads\/2018\/07\/06-25_Zimmermann_Cover_V1-1.png","datePublished":"2018-07-29T10:23:03+00:00","dateModified":"2023-11-29T13:30:44+00:00","author":{"@id":"https:\/\/einsteins.ku.de\/archiv\/#\/schema\/person\/b1b7702d276c4342c9681656daf57004"},"breadcrumb":{"@id":"https:\/\/einsteins.ku.de\/archiv\/2018-protest#breadcrumb"},"inLanguage":"de","potentialAction":[{"@type":"ReadAction","target":["https:\/\/einsteins.ku.de\/archiv\/2018-protest"]}]},{"@type":"ImageObject","inLanguage":"de","@id":"https:\/\/einsteins.ku.de\/archiv\/2018-protest#primaryimage","url":"https:\/\/einsteins.ku.de\/archiv\/wp-content\/uploads\/2018\/07\/06-25_Zimmermann_Cover_V1-1.png","contentUrl":"https:\/\/einsteins.ku.de\/archiv\/wp-content\/uploads\/2018\/07\/06-25_Zimmermann_Cover_V1-1.png","width":591,"height":783},{"@type":"BreadcrumbList","@id":"https:\/\/einsteins.ku.de\/archiv\/2018-protest#breadcrumb","itemListElement":[{"@type":"ListItem","position":1,"name":"Startseite","item":"https:\/\/einsteins.ku.de\/archiv\/"},{"@type":"ListItem","position":2,"name":"2018: Protest"}]},{"@type":"WebSite","@id":"https:\/\/einsteins.ku.de\/archiv\/#website","url":"https:\/\/einsteins.ku.de\/archiv\/","name":"einsteins.archiv","description":"Magazin der Journalistik an der KU Eichst\u00e4tt","potentialAction":[{"@type":"SearchAction","target":{"@type":"EntryPoint","urlTemplate":"https:\/\/einsteins.ku.de\/archiv\/?s={search_term_string}"},"query-input":{"@type":"PropertyValueSpecification","valueRequired":true,"valueName":"search_term_string"}}],"inLanguage":"de"},{"@type":"Person","@id":"https:\/\/einsteins.ku.de\/archiv\/#\/schema\/person\/b1b7702d276c4342c9681656daf57004","name":"admin","image":{"@type":"ImageObject","inLanguage":"de","@id":"https:\/\/secure.gravatar.com\/avatar\/390dc39d6c1f1803607839ffbd731dd16e5f3ba320dcc95ccca91972d8cedc2a?s=96&d=mm&r=g","url":"https:\/\/secure.gravatar.com\/avatar\/390dc39d6c1f1803607839ffbd731dd16e5f3ba320dcc95ccca91972d8cedc2a?s=96&d=mm&r=g","contentUrl":"https:\/\/secure.gravatar.com\/avatar\/390dc39d6c1f1803607839ffbd731dd16e5f3ba320dcc95ccca91972d8cedc2a?s=96&d=mm&r=g","caption":"admin"},"sameAs":["https:\/\/einsteins.ku.de\/archiv"],"url":"https:\/\/einsteins.ku.de\/archiv\/author\/admin"}]}},"_links":{"self":[{"href":"https:\/\/einsteins.ku.de\/archiv\/wp-json\/wp\/v2\/posts\/21","targetHints":{"allow":["GET"]}}],"collection":[{"href":"https:\/\/einsteins.ku.de\/archiv\/wp-json\/wp\/v2\/posts"}],"about":[{"href":"https:\/\/einsteins.ku.de\/archiv\/wp-json\/wp\/v2\/types\/post"}],"author":[{"embeddable":true,"href":"https:\/\/einsteins.ku.de\/archiv\/wp-json\/wp\/v2\/users\/1"}],"replies":[{"embeddable":true,"href":"https:\/\/einsteins.ku.de\/archiv\/wp-json\/wp\/v2\/comments?post=21"}],"version-history":[{"count":30,"href":"https:\/\/einsteins.ku.de\/archiv\/wp-json\/wp\/v2\/posts\/21\/revisions"}],"predecessor-version":[{"id":1136,"href":"https:\/\/einsteins.ku.de\/archiv\/wp-json\/wp\/v2\/posts\/21\/revisions\/1136"}],"wp:featuredmedia":[{"embeddable":true,"href":"https:\/\/einsteins.ku.de\/archiv\/wp-json\/wp\/v2\/media\/76"}],"wp:attachment":[{"href":"https:\/\/einsteins.ku.de\/archiv\/wp-json\/wp\/v2\/media?parent=21"}],"wp:term":[{"taxonomy":"category","embeddable":true,"href":"https:\/\/einsteins.ku.de\/archiv\/wp-json\/wp\/v2\/categories?post=21"},{"taxonomy":"post_tag","embeddable":true,"href":"https:\/\/einsteins.ku.de\/archiv\/wp-json\/wp\/v2\/tags?post=21"}],"curies":[{"name":"wp","href":"https:\/\/api.w.org\/{rel}","templated":true}]}}